{"id":58420,"date":"2025-07-23T00:03:19","date_gmt":"2025-07-23T00:03:19","guid":{"rendered":"https:\/\/todoapulmon-rafaela.com\/?p=58420"},"modified":"2025-07-23T00:03:19","modified_gmt":"2025-07-23T00:03:19","slug":"pre-federal-la-arb-tiene-todo-listo-para-el-salto-inicial","status":"publish","type":"post","link":"https:\/\/todoapulmon-rafaela.com\/index.php\/2025\/07\/23\/pre-federal-la-arb-tiene-todo-listo-para-el-salto-inicial\/","title":{"rendered":"Pre Federal: la ARB tiene todo listo para el salto inicial"},"content":{"rendered":"<p>Este martes se realiz\u00f3 la conferecia de prensa que marc\u00f3 la presentaci\u00f3n de torneo Pre Federal de la ARB, que otorgar\u00e1 al campe\u00f3n la posibilidad de disputar la Liga Federal CAB en 2026.<br \/>\nEn la sede de la Asociaci\u00f3n Rafaelina, con la presencia de jugadores y algunos entrenadores y dirigentes (solamente falt\u00f3 Libertad), se brindaron los principales detalles de la competencia.<br \/>\n\u00abEste torneo nos compromete a que los partidos sean lindos,que haya un nivel m\u00e1s alto en lo deportivo, en los jueces, en lo organizativo y esperemos que los jugadores lo disfruten. Esto para nosotros es 49 por ciento felicidad y 51 por ciento compromiso\u00bb, expres\u00f3 el vicepresidente Mauricio Kidonakis en la introducci\u00f3n.<br \/>\nLuego, el secretario Enrique Bergesio expres\u00f3 que \u00abla intenci\u00f3n era jugar en la segunda parte del a\u00f1o este torneo con otra Asociaci\u00f3n como el a\u00f1o pasado, pero por decisi\u00f3n de los clubes que entendieron que somos una Asociaci\u00f3n fuerte, con nueve equipos, pidieron la homologaci\u00f3n del torneo ante la CAB\u00bb<br \/>\nEn este sentido, el presidente Federico Pronotti recalc\u00f3 que \u00abpor cuestiones econ\u00f3micas los clubes nos pidieron no hacerlo (jugar con Oeste o San Francisco), accedimos y hoy estamos presentando este Pre Federal con mucho entusiasmo\u00bb.<br \/>\nLuego, inform\u00f3 que entre los cambios estar\u00e1 la utilizaci\u00f3n obligatoria de la nueva pelota CH1 y que habr\u00e1 un partido televisado, por semana, por streaming a trav\u00e9s de Mas Internet TV y Grupo Meridiano, que permitir\u00e1 llegar a m\u00e1s de 20 localidades de la regi\u00f3n\u00bb.<\/p>\n<p><strong>SE MANTIENEN LOS PUNTOS<\/strong><br \/>\nPronotti explic\u00f3 que se mantendr\u00e1 el fixture original, por lo que comenzar\u00e1 la segunda rueda manteniendo los equipos el puntaje que ten\u00edan al cabo de la primera rueda.<br \/>\nAl finalizar las nueve fechas, el \u00faltimo quedar\u00e1 eliminado y los ocho primeros jugar\u00e1n play offs de cuartos de final (1 vs. 8, 2 vs. 7, 3 vs. 6 y 4 vs. 5) al mejor de tres partidos; en semifinales tambi\u00e9n se jugar\u00e1n al mejor de tres; y la final ser\u00e1 al mejor de cinco encuentros. El campe\u00f3n ser\u00e1 quien tenga derecho a jugar la Liga Federal 2026.<\/p>\n<p><strong>AL FINAL, ATLETICO VS. CAI EL VIERNES<\/strong><br \/>\nEn principio se hab\u00eda informado que Atl\u00e9tico de Rafaela e Independiente iba a ser el partido inaugural el jueves, pero en las \u00faltimas horas por pedido de la Crema se jugar\u00e1 tambi\u00e9n el viernes, desde las 21.30.<br \/>\nEl encuentro inaugural, a las 21, ese d\u00eda ser\u00e1 9 de Julio vs. Libertad, mientras que a las 21.30 tambi\u00e9n jugar\u00e1n Uni\u00f3n vs. Quilmes. El domingo se medir\u00e1n Pe\u00f1arol vs. Racing LTC, quedando libre Ben Hur.<\/p>\n","protected":false},"excerpt":{"rendered":"<p>Este martes se realiz\u00f3 la conferecia de prensa que marc\u00f3 la presentaci\u00f3n de torneo Pre Federal de la ARB, que<\/p>\n","protected":false},"author":2,"featured_media":58422,"comment_status":"closed","ping_status":"closed","sticky":false,"template":"","format":"standard","meta":{"footnotes":""},"categories":[5,24],"tags":[],"class_list":["post-58420","post","type-post","status-publish","format-standard","has-post-thumbnail","hentry","category-basquet","category-noticias-destacadas"],"cc_featured_image_caption":{"caption_text":"","source_text":"","source_url":""},"_links":{"self":[{"href":"https:\/\/todoapulmon-rafaela.com\/index.php\/wp-json\/wp\/v2\/posts\/58420"}],"collection":[{"href":"https:\/\/todoapulmon-rafaela.com\/index.php\/wp-json\/wp\/v2\/posts"}],"about":[{"href":"https:\/\/todoapulmon-rafaela.com\/index.php\/wp-json\/wp\/v2\/types\/post"}],"author":[{"embeddable":true,"href":"https:\/\/todoapulmon-rafaela.com\/index.php\/wp-json\/wp\/v2\/users\/2"}],"replies":[{"embeddable":true,"href":"https:\/\/todoapulmon-rafaela.com\/index.php\/wp-json\/wp\/v2\/comments?post=58420"}],"version-history":[{"count":1,"href":"https:\/\/todoapulmon-rafaela.com\/index.php\/wp-json\/wp\/v2\/posts\/58420\/revisions"}],"predecessor-version":[{"id":58421,"href":"https:\/\/todoapulmon-rafaela.com\/index.php\/wp-json\/wp\/v2\/posts\/58420\/revisions\/58421"}],"wp:featuredmedia":[{"embeddable":true,"href":"https:\/\/todoapulmon-rafaela.com\/index.php\/wp-json\/wp\/v2\/media\/58422"}],"wp:attachment":[{"href":"https:\/\/todoapulmon-rafaela.com\/index.php\/wp-json\/wp\/v2\/media?parent=58420"}],"wp:term":[{"taxonomy":"category","embeddable":true,"href":"https:\/\/todoapulmon-rafaela.com\/index.php\/wp-json\/wp\/v2\/categories?post=58420"},{"taxonomy":"post_tag","embeddable":true,"href":"https:\/\/todoapulmon-rafaela.com\/index.php\/wp-json\/wp\/v2\/tags?post=58420"}],"curies":[{"name":"wp","href":"https:\/\/api.w.org\/{rel}","templated":true}]}}