{"id":58393,"date":"2025-07-21T13:09:24","date_gmt":"2025-07-21T13:09:24","guid":{"rendered":"https:\/\/todoapulmon-rafaela.com\/?p=58393"},"modified":"2025-07-21T13:09:24","modified_gmt":"2025-07-21T13:09:24","slug":"vildoza-el-ex-libertad-que-agrego-otro-trofeo-de-mvp","status":"publish","type":"post","link":"https:\/\/todoapulmon-rafaela.com\/index.php\/2025\/07\/21\/vildoza-el-ex-libertad-que-agrego-otro-trofeo-de-mvp\/","title":{"rendered":"Vildoza, el ex Libertad que agreg\u00f3 otro trofeo de MVP"},"content":{"rendered":"<p>Jos\u00e9 Vildoza volvi\u00f3 a ser el faro de Boca. Con personalidad, inteligencia y liderazgo, el base fue elegido MVP de las Finales de la Liga Nacional de B\u00e1squetbol por segundo a\u00f1o consecutivo y coron\u00f3 una temporada brillante con otro t\u00edtulo para el Xeneize. En su casa, Boca venci\u00f3 a Instituto por 78-77 en el s\u00e9ptimo juego y se consagr\u00f3 Bicampe\u00f3n de La Liga Nacional.<\/p>\n<p>Esta es la tercera vez que el cordob\u00e9s, que arranc\u00f3 su etapa profesional en Libertad de Sunchales, logra quedarse con el MVP de las finales. El primero fue contra Quimsa, jugando para San Lorenzo, en aquella serie que termin\u00f3 3 a 2 en favor del Cicl\u00f3n. Luego se lo qued\u00f3 el a\u00f1o pasado, vistiendo los colores de Boca y ante Instituto, el mismo rival que en esta temporada.<\/p>\n<p>Adem\u00e1s, ratific\u00f3 su protagonismo absoluto en el andar de Boca durante toda la campa\u00f1a: fue reconocido como el mejor nacional, mejor base y el Jugador M\u00e1s Valioso de la fase regular.<\/p>\n<p>En una serie final repleta de dramatismo, Vildoza mostr\u00f3 nuevamente su capacidad para aparecer en los momentos clave. Fueron n\u00fameros casi calcados los registros de las finales anteriores (14.0 puntos, 3.3 rebotes y 3.1 asistencias), aunque con un peso espec\u00edfico a\u00fan mayor en los cierres de partido.<\/p>\n<p>No es un dato menor. Esta fue apenas la quinta vez en la historia que una final de Liga Nacional se resolvi\u00f3 en un s\u00e9ptimo juego. Y en ese escenario, el base volvi\u00f3 a confirmar que es un jugador para partidos grandes. Durante esta llave ante La Gloria promedi\u00f3 14.6 puntos, 5.1 rebotes, 3.6 asistencias, 1.1 recuperos y de 14.1 de valoraci\u00f3n, aportando un total de 102 puntos para su equipo.<\/p>\n<p><img loading=\"lazy\" decoding=\"async\" class=\"alignnone size-full wp-image-58394\" src=\"https:\/\/todoapulmon-rafaela.com\/wp-content\/uploads\/2025\/07\/Vildoza-Libertad.jpg\" alt=\"\" width=\"980\" height=\"551\" srcset=\"https:\/\/todoapulmon-rafaela.com\/wp-content\/uploads\/2025\/07\/Vildoza-Libertad.jpg 980w, https:\/\/todoapulmon-rafaela.com\/wp-content\/uploads\/2025\/07\/Vildoza-Libertad-300x169.jpg 300w\" sizes=\"(max-width: 980px) 100vw, 980px\" \/><\/p>\n<p>Recordemos que Vildoza lleg\u00f3 a los 15 a\u00f1os a Libertad desde Maip\u00fa de C\u00f3rdoba, estuvo seis temporadas con los Tigres, que lo vendieron en 2017 a San Lorenzo.<\/p>\n","protected":false},"excerpt":{"rendered":"<p>Jos\u00e9 Vildoza volvi\u00f3 a ser el faro de Boca. Con personalidad, inteligencia y liderazgo, el base fue elegido MVP de<\/p>\n","protected":false},"author":2,"featured_media":58395,"comment_status":"closed","ping_status":"closed","sticky":false,"template":"","format":"standard","meta":{"footnotes":""},"categories":[5,24],"tags":[],"class_list":["post-58393","post","type-post","status-publish","format-standard","has-post-thumbnail","hentry","category-basquet","category-noticias-destacadas"],"cc_featured_image_caption":{"caption_text":"FOTO LA LIGA NACIONAL\r\n","source_text":"","source_url":""},"_links":{"self":[{"href":"https:\/\/todoapulmon-rafaela.com\/index.php\/wp-json\/wp\/v2\/posts\/58393"}],"collection":[{"href":"https:\/\/todoapulmon-rafaela.com\/index.php\/wp-json\/wp\/v2\/posts"}],"about":[{"href":"https:\/\/todoapulmon-rafaela.com\/index.php\/wp-json\/wp\/v2\/types\/post"}],"author":[{"embeddable":true,"href":"https:\/\/todoapulmon-rafaela.com\/index.php\/wp-json\/wp\/v2\/users\/2"}],"replies":[{"embeddable":true,"href":"https:\/\/todoapulmon-rafaela.com\/index.php\/wp-json\/wp\/v2\/comments?post=58393"}],"version-history":[{"count":1,"href":"https:\/\/todoapulmon-rafaela.com\/index.php\/wp-json\/wp\/v2\/posts\/58393\/revisions"}],"predecessor-version":[{"id":58396,"href":"https:\/\/todoapulmon-rafaela.com\/index.php\/wp-json\/wp\/v2\/posts\/58393\/revisions\/58396"}],"wp:featuredmedia":[{"embeddable":true,"href":"https:\/\/todoapulmon-rafaela.com\/index.php\/wp-json\/wp\/v2\/media\/58395"}],"wp:attachment":[{"href":"https:\/\/todoapulmon-rafaela.com\/index.php\/wp-json\/wp\/v2\/media?parent=58393"}],"wp:term":[{"taxonomy":"category","embeddable":true,"href":"https:\/\/todoapulmon-rafaela.com\/index.php\/wp-json\/wp\/v2\/categories?post=58393"},{"taxonomy":"post_tag","embeddable":true,"href":"https:\/\/todoapulmon-rafaela.com\/index.php\/wp-json\/wp\/v2\/tags?post=58393"}],"curies":[{"name":"wp","href":"https:\/\/api.w.org\/{rel}","templated":true}]}}