{"id":58233,"date":"2025-07-15T21:49:16","date_gmt":"2025-07-15T21:49:16","guid":{"rendered":"https:\/\/todoapulmon-rafaela.com\/?p=58233"},"modified":"2025-07-15T21:49:16","modified_gmt":"2025-07-15T21:49:16","slug":"candela-gentinetta-renovo-con-obras-basket","status":"publish","type":"post","link":"https:\/\/todoapulmon-rafaela.com\/index.php\/2025\/07\/15\/candela-gentinetta-renovo-con-obras-basket\/","title":{"rendered":"Candela Gentinetta renov\u00f3 con Obras Basket"},"content":{"rendered":"<p>Candela Gentinetta arregl\u00f3 su renovaci\u00f3n con Obras Basket. La ala-pivote de 1m81, nacida el 18 de marzo de 2001 en Rafaela, disputar\u00e1 su cuarta temporada con el club Rockero en la Liga Femenina 2025-26.<\/p>\n<p>La jugadora de 24 a\u00f1os arrib\u00f3 a la instituci\u00f3n Aurinegra a principios de 2023. En la temporada 2022-23, contribuy\u00f3 a que las rockeras llegaran hasta las semifinales. Adem\u00e1s, gui\u00f3 al equipo hacia las Finales del Torneo Apertura 2023 y de la Liga Femenina 2024. A su vez, contribuy\u00f3 con el tercer puesto de Obras Basket en la Liga Sudamericana 2024.<\/p>\n<p>En la Liga Femenina 2024-25, la capitana promedi\u00f3 11.8 puntos, 9.9 rebotes (tercera mejor marca del torneo), 1.6 asistencias, 1.1 robos y 17 de valoraci\u00f3n en 26.5 minutos por partido. Tambi\u00e9n, tuvo un 41% de efectividad en triples.<\/p>\n<p>Por otro lado, Candela Gentinetta fue part\u00edcipe del campeonato que obtuvo la Selecci\u00f3n Argentina en el Sudamericano de Chile 2024. Tambi\u00e9n, logr\u00f3 la medalla de bronce con el Seleccionado Nacional en los Juegos Panamericanos de Santiago 2023. Fue la primera vez que el conjunto albiceleste obtuvo el tercer puesto en la historia de dicha competici\u00f3n.<\/p>\n<p>En 2025, jug\u00f3 la AmeriCup Femenina de Chile con la Selecci\u00f3n Argentina. Jug\u00f3 cinco de los siete partidos y promedi\u00f3, en la competencia, 3.8 puntos tres rebotes por aparici\u00f3n. Comparti\u00f3 equipo junto con dos jugadoras actuales de Obras Basket: Florencia Chagas y Agostina Burani.<\/p>\n<p>Fuente: Obras Basket.<\/p>\n","protected":false},"excerpt":{"rendered":"<p>Candela Gentinetta arregl\u00f3 su renovaci\u00f3n con Obras Basket. La ala-pivote de 1m81, nacida el 18 de marzo de 2001 en<\/p>\n","protected":false},"author":2,"featured_media":58234,"comment_status":"closed","ping_status":"closed","sticky":false,"template":"","format":"standard","meta":{"footnotes":""},"categories":[5,24],"tags":[],"class_list":["post-58233","post","type-post","status-publish","format-standard","has-post-thumbnail","hentry","category-basquet","category-noticias-destacadas"],"cc_featured_image_caption":{"caption_text":"","source_text":"","source_url":""},"_links":{"self":[{"href":"https:\/\/todoapulmon-rafaela.com\/index.php\/wp-json\/wp\/v2\/posts\/58233"}],"collection":[{"href":"https:\/\/todoapulmon-rafaela.com\/index.php\/wp-json\/wp\/v2\/posts"}],"about":[{"href":"https:\/\/todoapulmon-rafaela.com\/index.php\/wp-json\/wp\/v2\/types\/post"}],"author":[{"embeddable":true,"href":"https:\/\/todoapulmon-rafaela.com\/index.php\/wp-json\/wp\/v2\/users\/2"}],"replies":[{"embeddable":true,"href":"https:\/\/todoapulmon-rafaela.com\/index.php\/wp-json\/wp\/v2\/comments?post=58233"}],"version-history":[{"count":1,"href":"https:\/\/todoapulmon-rafaela.com\/index.php\/wp-json\/wp\/v2\/posts\/58233\/revisions"}],"predecessor-version":[{"id":58235,"href":"https:\/\/todoapulmon-rafaela.com\/index.php\/wp-json\/wp\/v2\/posts\/58233\/revisions\/58235"}],"wp:featuredmedia":[{"embeddable":true,"href":"https:\/\/todoapulmon-rafaela.com\/index.php\/wp-json\/wp\/v2\/media\/58234"}],"wp:attachment":[{"href":"https:\/\/todoapulmon-rafaela.com\/index.php\/wp-json\/wp\/v2\/media?parent=58233"}],"wp:term":[{"taxonomy":"category","embeddable":true,"href":"https:\/\/todoapulmon-rafaela.com\/index.php\/wp-json\/wp\/v2\/categories?post=58233"},{"taxonomy":"post_tag","embeddable":true,"href":"https:\/\/todoapulmon-rafaela.com\/index.php\/wp-json\/wp\/v2\/tags?post=58233"}],"curies":[{"name":"wp","href":"https:\/\/api.w.org\/{rel}","templated":true}]}}