{"id":5801,"date":"2017-04-14T02:18:55","date_gmt":"2017-04-14T02:18:55","guid":{"rendered":"http:\/\/todoapulmon-rafaela.com\/?p=5801"},"modified":"2017-04-14T02:18:55","modified_gmt":"2017-04-14T02:18:55","slug":"la-lista-de-crar-para-el-regional-b","status":"publish","type":"post","link":"https:\/\/todoapulmon-rafaela.com\/index.php\/2017\/04\/14\/la-lista-de-crar-para-el-regional-b\/","title":{"rendered":"La lista de CRAR para el Regional B"},"content":{"rendered":"<p>La pr\u00f3xima semana, del 20 al 23 de abril, se desarrollar\u00e1 en Santa Fe el Campeonato Regional B NEA femenino, organizado por la Asociaci\u00f3n Santafesina y fiscalizado por la Confederaci\u00f3n Argentina de Hockey, en el cual estar\u00e1 el CRAR tomando parte. Sus rivales en la Zona A ser\u00e1n La Salle B, Universitario del Nordeste y El Quill\u00e1.<\/p>\n<p>Los entrenadores Mat\u00edas Rodriguez y Nicol\u00e1s Navarro definieron el plantel que estar\u00e1 tomando parte del certamen. El listado de jugadoras est\u00e1 conformado por: Agostina Acosta, Virginia Aimar, Magal\u00ed Allassia, Abril Beltramino, Evangelina Beltrocco, Elena Brown, Geraldina Dardati, Celeste De Carli, Gisel Demartin, Pamela Dominguez, Andreina Henzenn, Delfina Imhoff, Catalina Ingaramo, Virginia Jacquat, Agostina Monteporsi, Florencia Rossetti, Camila Salamano y Joaquina Zapata. El cuerpo t\u00e9cnico se completa con Alejandro Chiavon (PF), Fabi\u00e1n Montesano (asistente t\u00e9cnico) y Silvia Perlo (Jefa de Equipo).<\/p>\n","protected":false},"excerpt":{"rendered":"<p>La pr\u00f3xima semana, del 20 al 23 de abril, se desarrollar\u00e1 en Santa Fe el Campeonato Regional B NEA femenino,<\/p>\n","protected":false},"author":2,"featured_media":5802,"comment_status":"open","ping_status":"open","sticky":false,"template":"","format":"standard","meta":{"footnotes":""},"categories":[3,24],"tags":[],"class_list":["post-5801","post","type-post","status-publish","format-standard","has-post-thumbnail","hentry","category-hockey","category-noticias-destacadas"],"cc_featured_image_caption":{"caption_text":"El equipo rafaelino tendr\u00e1 una zona dura en la instancia clasificatoria.","source_text":"","source_url":""},"_links":{"self":[{"href":"https:\/\/todoapulmon-rafaela.com\/index.php\/wp-json\/wp\/v2\/posts\/5801"}],"collection":[{"href":"https:\/\/todoapulmon-rafaela.com\/index.php\/wp-json\/wp\/v2\/posts"}],"about":[{"href":"https:\/\/todoapulmon-rafaela.com\/index.php\/wp-json\/wp\/v2\/types\/post"}],"author":[{"embeddable":true,"href":"https:\/\/todoapulmon-rafaela.com\/index.php\/wp-json\/wp\/v2\/users\/2"}],"replies":[{"embeddable":true,"href":"https:\/\/todoapulmon-rafaela.com\/index.php\/wp-json\/wp\/v2\/comments?post=5801"}],"version-history":[{"count":1,"href":"https:\/\/todoapulmon-rafaela.com\/index.php\/wp-json\/wp\/v2\/posts\/5801\/revisions"}],"predecessor-version":[{"id":5803,"href":"https:\/\/todoapulmon-rafaela.com\/index.php\/wp-json\/wp\/v2\/posts\/5801\/revisions\/5803"}],"wp:featuredmedia":[{"embeddable":true,"href":"https:\/\/todoapulmon-rafaela.com\/index.php\/wp-json\/wp\/v2\/media\/5802"}],"wp:attachment":[{"href":"https:\/\/todoapulmon-rafaela.com\/index.php\/wp-json\/wp\/v2\/media?parent=5801"}],"wp:term":[{"taxonomy":"category","embeddable":true,"href":"https:\/\/todoapulmon-rafaela.com\/index.php\/wp-json\/wp\/v2\/categories?post=5801"},{"taxonomy":"post_tag","embeddable":true,"href":"https:\/\/todoapulmon-rafaela.com\/index.php\/wp-json\/wp\/v2\/tags?post=5801"}],"curies":[{"name":"wp","href":"https:\/\/api.w.org\/{rel}","templated":true}]}}