{"id":57928,"date":"2025-06-30T14:21:30","date_gmt":"2025-06-30T14:21:30","guid":{"rendered":"https:\/\/todoapulmon-rafaela.com\/?p=57928"},"modified":"2025-06-30T14:21:30","modified_gmt":"2025-06-30T14:21:30","slug":"estoy-contenta-con-los-resultados","status":"publish","type":"post","link":"https:\/\/todoapulmon-rafaela.com\/index.php\/2025\/06\/30\/estoy-contenta-con-los-resultados\/","title":{"rendered":"\u00abEstoy contenta con los resultados\u00bb"},"content":{"rendered":"<p>Luego de algunos d\u00edas de competir en el Panamericano de gimnasia art\u00edstica realizado en Panam\u00e1, Emilia Acosta nos cont\u00f3 las sensaciones de su primera experiencia en Mayores, defendiendo los colores nacionales con 16 a\u00f1os.<\/p>\n<p>La representante de CREAR Club puntualiz\u00f3 que \u00abla verdad estoy muy contenta porque pude trabajar muy bien, sabiendo que pude haberlo hecho mejor, pero contenta igual con los resultados\u00bb.<\/p>\n<p>Su entrenador V\u00edctor Ingaramo manifest\u00f3 que \u00abla verdad, Emilia estuvo bien en los tres d\u00edas. El primero cost\u00f3 un poco mas ajustarse, pero despu\u00e9s desde el segundo fue muy bien, el trabajo que viene haciendo es muy bueno. Todo es crecimiento, fue la primera experiencia en mayor; en podio que eso le da un agregado especial porque estar ah\u00ed arriba sola no es lo mismo que estar a nivel de piso\u00bb.<\/p>\n<p>Como balance deportivo apunt\u00f3 que \u00aben un Panamericano con EE.UU, Canad\u00e1, Brasil, la verdad que qued\u00f3 quinta de todo Am\u00e9rica y es un mont\u00f3n. Como ella deice, sabe que pudo haber dado mas, nos deja esa tranquilidad que se puede mejorar y que estamos ah\u00ed, que con unos ajustes se van a lograr, por lo que el balance es positivo\u00bb.<\/p>\n<p>Emi mencion\u00f3 que \u00abme senti c\u00f3moda en todos los aparatos, pero mas que nada en suelo y salto, por el podio que te ayuda m\u00e1s\u00bb, en tanto que sobre el cuarto puesto a nivel de equipos, muy cerca (medio punto) de Canad\u00e1 y Brasil, expres\u00f3 que \u00abno se dio, dimos lo\u00a0 mejor que pudimos y estamos cada vez mas cerca\u00bb.<\/p>\n<p>Ingaramo ampli\u00f3 la visi\u00f3n al se\u00f1alar que \u00abse est\u00e1 ahi nomas y hay que pensar lo que se viene, que son las Copas del Mundo, hay dos que primero vas a intentar clasificar, y tratar que Argentina se empiece a hacer conocido en Europa\u00bb.<\/p>\n<p>&nbsp;<\/p>\n","protected":false},"excerpt":{"rendered":"<p>Luego de algunos d\u00edas de competir en el Panamericano de gimnasia art\u00edstica realizado en Panam\u00e1, Emilia Acosta nos cont\u00f3 las<\/p>\n","protected":false},"author":2,"featured_media":57351,"comment_status":"closed","ping_status":"closed","sticky":false,"template":"","format":"standard","meta":{"footnotes":""},"categories":[24],"tags":[],"class_list":["post-57928","post","type-post","status-publish","format-standard","has-post-thumbnail","hentry","category-noticias-destacadas"],"cc_featured_image_caption":{"caption_text":"","source_text":"","source_url":""},"_links":{"self":[{"href":"https:\/\/todoapulmon-rafaela.com\/index.php\/wp-json\/wp\/v2\/posts\/57928"}],"collection":[{"href":"https:\/\/todoapulmon-rafaela.com\/index.php\/wp-json\/wp\/v2\/posts"}],"about":[{"href":"https:\/\/todoapulmon-rafaela.com\/index.php\/wp-json\/wp\/v2\/types\/post"}],"author":[{"embeddable":true,"href":"https:\/\/todoapulmon-rafaela.com\/index.php\/wp-json\/wp\/v2\/users\/2"}],"replies":[{"embeddable":true,"href":"https:\/\/todoapulmon-rafaela.com\/index.php\/wp-json\/wp\/v2\/comments?post=57928"}],"version-history":[{"count":1,"href":"https:\/\/todoapulmon-rafaela.com\/index.php\/wp-json\/wp\/v2\/posts\/57928\/revisions"}],"predecessor-version":[{"id":57929,"href":"https:\/\/todoapulmon-rafaela.com\/index.php\/wp-json\/wp\/v2\/posts\/57928\/revisions\/57929"}],"wp:featuredmedia":[{"embeddable":true,"href":"https:\/\/todoapulmon-rafaela.com\/index.php\/wp-json\/wp\/v2\/media\/57351"}],"wp:attachment":[{"href":"https:\/\/todoapulmon-rafaela.com\/index.php\/wp-json\/wp\/v2\/media?parent=57928"}],"wp:term":[{"taxonomy":"category","embeddable":true,"href":"https:\/\/todoapulmon-rafaela.com\/index.php\/wp-json\/wp\/v2\/categories?post=57928"},{"taxonomy":"post_tag","embeddable":true,"href":"https:\/\/todoapulmon-rafaela.com\/index.php\/wp-json\/wp\/v2\/tags?post=57928"}],"curies":[{"name":"wp","href":"https:\/\/api.w.org\/{rel}","templated":true}]}}