{"id":5788,"date":"2017-04-13T22:25:02","date_gmt":"2017-04-13T22:25:02","guid":{"rendered":"http:\/\/todoapulmon-rafaela.com\/?p=5788"},"modified":"2017-04-13T22:50:05","modified_gmt":"2017-04-13T22:50:05","slug":"alejo-pagaburu-tuvo-premio-a-la-perseverancia","status":"publish","type":"post","link":"https:\/\/todoapulmon-rafaela.com\/index.php\/2017\/04\/13\/alejo-pagaburu-tuvo-premio-a-la-perseverancia\/","title":{"rendered":"Alejo Pagaburu tuvo premio a la perseverancia"},"content":{"rendered":"<p>Este jueves hablamos de atletismo en Todo a Pulm\u00f3n radio. Nos visit\u00f3 Alejo Pagaburu, para contarnos las sensaciones tras la obtenci\u00f3n de la medalla de plata en los 400 metros con vallas del Nacional U20 realizado en Mar del Plata.<\/p>\n<p>El representante del Centro de Educaci\u00f3n F\u00edsica N\u00ba 53 nos cont\u00f3 las peripecias del a\u00f1o anterior producto de las lesiones de pubialgia y hernias (una en el pubis y otra en abdomen) que lo tuvieron inactivo hasta diciembre en materia de competencias, hasta que en el certamen de similar categor\u00eda pudo reaparecer con un quinto puesto inesperado. De alli en mas se renovaron las expectativas, aunque lejos estaba de imaginar que en este Nacional pudiera obtener un resultado tan trascendente como el segundo puesto con una gran marca de 57s87 a nivel personal, que hoy lo ubica entre los diez primeros atletas del pa\u00eds a nivel absoluto en la prueba, mas all\u00e1 que reci\u00e9n es la parte inicial de la temporada.<\/p>\n<p>\u00abLa verdad que no ten\u00eda ni la expectativa de pasar el Provincial, teniendo en cuenta que entre las lesiones y el poco entrenamiento no me hac\u00eda muchas ilusiones. Pude clasificar y al Nacional fue a ver lo que pasaba. Corri, gan\u00e9 mi serie y eso me puso muy contento, y mucho mas en la final con el segundo puesto, la verdad no lo pod\u00eda creer\u00bb, mencion\u00f3 el atleta rafaelino.<\/p>\n<p>Reconoci\u00f3 que \u00abestuve muy nervioso en los d\u00edas previos y en el torneo. No tuve mucho tiempo para la entrada en calor por el retraso en pasar a buscarnos, pero pens\u00e9 que llegu\u00e9 hasta ac\u00e1, vamos a dar lo mejor y que sea lo que Dios quiera. Pero me sent\u00ed libre y pude dar lo mejor de mi\u00bb.<\/p>\n<p>El atleta que entrena Enrique Aguirre, en cuanto a pr\u00f3ximos objetivos, manifest\u00f3 que \u00abnuestro principal objetivo era el Nacional U20, lo que venga de ahora en mas es de regalo. La idea es aguantar lo que mas pueda con este tema de la hernia, porque si me opero ser\u00edan tres meses de inactividad, y hay que tener en cuenta que este ya es mi segundo a\u00f1o de kinesiolog\u00eda, es un sacrificio grande entre escuela, entrenamiento y las sesiones. El Provincial de Mayores es el 30, falta poco, y si clasificamos ser\u00eda muy bueno poder estar en el Nacional de la categor\u00eda principal\u00bb.<\/p>\n<p>Aqu\u00ed el audio de la nota:<\/p>\n<!--[if lt IE 9]><script>document.createElement('audio');<\/script><![endif]-->\n<audio class=\"wp-audio-shortcode\" id=\"audio-5788-1\" preload=\"none\" style=\"width: 100%;\" controls=\"controls\"><source type=\"audio\/mpeg\" src=\"http:\/\/todoapulmon-rafaela.com\/wp-content\/uploads\/2017\/04\/13-4-17-ATLETISMO.mp3?_=1\" \/><a href=\"http:\/\/todoapulmon-rafaela.com\/wp-content\/uploads\/2017\/04\/13-4-17-ATLETISMO.mp3\">http:\/\/todoapulmon-rafaela.com\/wp-content\/uploads\/2017\/04\/13-4-17-ATLETISMO.mp3<\/a><\/audio>\n<p>&nbsp;<\/p>\n","protected":false},"excerpt":{"rendered":"<p>Este jueves hablamos de atletismo en Todo a Pulm\u00f3n radio. Nos visit\u00f3 Alejo Pagaburu, para contarnos las sensaciones tras la<\/p>\n","protected":false},"author":2,"featured_media":5789,"comment_status":"open","ping_status":"open","sticky":false,"template":"","format":"standard","meta":{"footnotes":""},"categories":[7,24],"tags":[],"class_list":["post-5788","post","type-post","status-publish","format-standard","has-post-thumbnail","hentry","category-atletismo","category-noticias-destacadas"],"cc_featured_image_caption":{"caption_text":"Alejo Pagaburu nos visit\u00f3 en Todo a Pulm\u00f3n radio.","source_text":"","source_url":""},"_links":{"self":[{"href":"https:\/\/todoapulmon-rafaela.com\/index.php\/wp-json\/wp\/v2\/posts\/5788"}],"collection":[{"href":"https:\/\/todoapulmon-rafaela.com\/index.php\/wp-json\/wp\/v2\/posts"}],"about":[{"href":"https:\/\/todoapulmon-rafaela.com\/index.php\/wp-json\/wp\/v2\/types\/post"}],"author":[{"embeddable":true,"href":"https:\/\/todoapulmon-rafaela.com\/index.php\/wp-json\/wp\/v2\/users\/2"}],"replies":[{"embeddable":true,"href":"https:\/\/todoapulmon-rafaela.com\/index.php\/wp-json\/wp\/v2\/comments?post=5788"}],"version-history":[{"count":4,"href":"https:\/\/todoapulmon-rafaela.com\/index.php\/wp-json\/wp\/v2\/posts\/5788\/revisions"}],"predecessor-version":[{"id":5797,"href":"https:\/\/todoapulmon-rafaela.com\/index.php\/wp-json\/wp\/v2\/posts\/5788\/revisions\/5797"}],"wp:featuredmedia":[{"embeddable":true,"href":"https:\/\/todoapulmon-rafaela.com\/index.php\/wp-json\/wp\/v2\/media\/5789"}],"wp:attachment":[{"href":"https:\/\/todoapulmon-rafaela.com\/index.php\/wp-json\/wp\/v2\/media?parent=5788"}],"wp:term":[{"taxonomy":"category","embeddable":true,"href":"https:\/\/todoapulmon-rafaela.com\/index.php\/wp-json\/wp\/v2\/categories?post=5788"},{"taxonomy":"post_tag","embeddable":true,"href":"https:\/\/todoapulmon-rafaela.com\/index.php\/wp-json\/wp\/v2\/tags?post=5788"}],"curies":[{"name":"wp","href":"https:\/\/api.w.org\/{rel}","templated":true}]}}