{"id":57802,"date":"2025-06-26T22:18:55","date_gmt":"2025-06-26T22:18:55","guid":{"rendered":"https:\/\/todoapulmon-rafaela.com\/?p=57802"},"modified":"2025-06-26T22:34:19","modified_gmt":"2025-06-26T22:34:19","slug":"mondino-inicia-gira-europea-de-alto-rendimiento-con-vistas-a-los-juegos-panamericanos","status":"publish","type":"post","link":"https:\/\/todoapulmon-rafaela.com\/index.php\/2025\/06\/26\/mondino-inicia-gira-europea-de-alto-rendimiento-con-vistas-a-los-juegos-panamericanos\/","title":{"rendered":"Mondino inicia gira europea de alto rendimiento con vistas a los Juegos Panamericanos"},"content":{"rendered":"<p><span style=\"font-weight: 400\">El velocista rafaelino <\/span><b>Tom\u00e1s Mondino<\/b><span style=\"font-weight: 400\"> comenzar\u00e1 el pr\u00f3ximo <\/span><b>1 de julio<\/b><span style=\"font-weight: 400\"> una gira por Europa con el objetivo de participar en competencias de alt\u00edsimo nivel, en el marco de un programa de intercambio y preparaci\u00f3n deportiva internacional.<\/span><\/p>\n<p><span style=\"font-weight: 400\">Durante esta etapa, Mondino aprovechar\u00e1 <\/span><b>las condiciones clim\u00e1ticas del verano europeo<\/b><span style=\"font-weight: 400\"> y el alto nivel competitivo del circuito atl\u00e9tico internacional, en funci\u00f3n de su preparaci\u00f3n para los <\/span><b>Juegos Panamericanos U23<\/b><span style=\"font-weight: 400\">, que se celebrar\u00e1n en el mes de agosto en <\/span><b>Asunci\u00f3n, Paraguay<\/b><span style=\"font-weight: 400\">. En dicha instancia, representar\u00e1 a nuestro pa\u00eds integrando el equipo nacional de la posta <\/span><b>4&#215;100 metros<\/b><span style=\"font-weight: 400\">.<\/span><\/p>\n<p><b>Calendario de competencias confirmadas:<\/b><b><br \/>\n<\/b><i><span style=\"font-weight: 400\">9 de julio<\/span><\/i><span style=\"font-weight: 400\"> \u2013 <\/span><b>Meeting de Barcelona<\/b><span style=\"font-weight: 400\"> (Espa\u00f1a).<\/span><span style=\"font-weight: 400\"><br \/>\n<\/span><i><span style=\"font-weight: 400\">18 de julio<\/span><\/i><span style=\"font-weight: 400\"> \u2013 <\/span><b>Meeting de Frankfurt<\/b><span style=\"font-weight: 400\"> (Alemania).<\/span><span style=\"font-weight: 400\"><br \/>\n<\/span><i><span style=\"font-weight: 400\">26 de julio<\/span><\/i><span style=\"font-weight: 400\"> \u2013 <\/span><b>Meeting de R\u00f3tterdam<\/b><span style=\"font-weight: 400\"> (Holanda).<\/span><\/p>\n<p><span style=\"font-weight: 400\">Este desaf\u00edo europeo representa un paso m\u00e1s en la carrera de Mondino, consolidando su proyecci\u00f3n internacional y reforzando su compromiso con el atletismo nacional.<\/span><\/p>\n","protected":false},"excerpt":{"rendered":"<p>El velocista rafaelino Tom\u00e1s Mondino comenzar\u00e1 el pr\u00f3ximo 1 de julio una gira por Europa con el objetivo de participar<\/p>\n","protected":false},"author":2,"featured_media":57806,"comment_status":"closed","ping_status":"closed","sticky":false,"template":"","format":"standard","meta":{"footnotes":""},"categories":[7,24],"tags":[],"class_list":["post-57802","post","type-post","status-publish","format-standard","has-post-thumbnail","hentry","category-atletismo","category-noticias-destacadas"],"cc_featured_image_caption":{"caption_text":"","source_text":"","source_url":""},"_links":{"self":[{"href":"https:\/\/todoapulmon-rafaela.com\/index.php\/wp-json\/wp\/v2\/posts\/57802"}],"collection":[{"href":"https:\/\/todoapulmon-rafaela.com\/index.php\/wp-json\/wp\/v2\/posts"}],"about":[{"href":"https:\/\/todoapulmon-rafaela.com\/index.php\/wp-json\/wp\/v2\/types\/post"}],"author":[{"embeddable":true,"href":"https:\/\/todoapulmon-rafaela.com\/index.php\/wp-json\/wp\/v2\/users\/2"}],"replies":[{"embeddable":true,"href":"https:\/\/todoapulmon-rafaela.com\/index.php\/wp-json\/wp\/v2\/comments?post=57802"}],"version-history":[{"count":2,"href":"https:\/\/todoapulmon-rafaela.com\/index.php\/wp-json\/wp\/v2\/posts\/57802\/revisions"}],"predecessor-version":[{"id":57805,"href":"https:\/\/todoapulmon-rafaela.com\/index.php\/wp-json\/wp\/v2\/posts\/57802\/revisions\/57805"}],"wp:featuredmedia":[{"embeddable":true,"href":"https:\/\/todoapulmon-rafaela.com\/index.php\/wp-json\/wp\/v2\/media\/57806"}],"wp:attachment":[{"href":"https:\/\/todoapulmon-rafaela.com\/index.php\/wp-json\/wp\/v2\/media?parent=57802"}],"wp:term":[{"taxonomy":"category","embeddable":true,"href":"https:\/\/todoapulmon-rafaela.com\/index.php\/wp-json\/wp\/v2\/categories?post=57802"},{"taxonomy":"post_tag","embeddable":true,"href":"https:\/\/todoapulmon-rafaela.com\/index.php\/wp-json\/wp\/v2\/tags?post=57802"}],"curies":[{"name":"wp","href":"https:\/\/api.w.org\/{rel}","templated":true}]}}