{"id":57644,"date":"2025-06-21T02:26:36","date_gmt":"2025-06-21T02:26:36","guid":{"rendered":"https:\/\/todoapulmon-rafaela.com\/?p=57644"},"modified":"2025-06-21T02:26:36","modified_gmt":"2025-06-21T02:26:36","slug":"las-chicas-u16-quedaron-sin-mundial","status":"publish","type":"post","link":"https:\/\/todoapulmon-rafaela.com\/index.php\/2025\/06\/21\/las-chicas-u16-quedaron-sin-mundial\/","title":{"rendered":"Las chicas U16 quedaron sin Mundial"},"content":{"rendered":"<p>El seleccionado femenino argentino U16 no pudo frente a Colombia, perdi\u00f3 por 44-39 y qued\u00f3 sin chances de clasificaci\u00f3n. La albiceleste no jugar\u00e1 por quinta edici\u00f3n la Copa del Mundo y como los varones hace unos d\u00edas, tambi\u00e9n en M\u00e9xico que fue sede de la AmeriCup, el resultado final fue negativo.<\/p>\n<p>La m\u00e1s destacada en Argentina fue Florencia Losada con 12 puntos, seguida de cerca por Francisca Canello Novelli con 9 y 10 rebotes.<\/p>\n<p>Sof\u00eda Rosso, al igual que Canello jugadoras de Libertad de Sunchales, no anot\u00f3 puntos.<\/p>\n<p>En el elenco colombiano, la m\u00e1s destacada fue Alisson Restrepo con 10 unidades.<\/p>\n<p>El s\u00e1bado 21 a las 15.30 horas, Argentina enfrentar\u00e1 a Puerto Rico por la Reclasificaci\u00f3n.<\/p>\n<p>&nbsp;<\/p>\n<p>&nbsp;<\/p>\n","protected":false},"excerpt":{"rendered":"<p>El seleccionado femenino argentino U16 no pudo frente a Colombia, perdi\u00f3 por 44-39 y qued\u00f3 sin chances de clasificaci\u00f3n. La<\/p>\n","protected":false},"author":2,"featured_media":57647,"comment_status":"closed","ping_status":"closed","sticky":false,"template":"","format":"standard","meta":{"footnotes":""},"categories":[5],"tags":[],"class_list":["post-57644","post","type-post","status-publish","format-standard","has-post-thumbnail","hentry","category-basquet"],"cc_featured_image_caption":{"caption_text":"","source_text":"","source_url":""},"_links":{"self":[{"href":"https:\/\/todoapulmon-rafaela.com\/index.php\/wp-json\/wp\/v2\/posts\/57644"}],"collection":[{"href":"https:\/\/todoapulmon-rafaela.com\/index.php\/wp-json\/wp\/v2\/posts"}],"about":[{"href":"https:\/\/todoapulmon-rafaela.com\/index.php\/wp-json\/wp\/v2\/types\/post"}],"author":[{"embeddable":true,"href":"https:\/\/todoapulmon-rafaela.com\/index.php\/wp-json\/wp\/v2\/users\/2"}],"replies":[{"embeddable":true,"href":"https:\/\/todoapulmon-rafaela.com\/index.php\/wp-json\/wp\/v2\/comments?post=57644"}],"version-history":[{"count":1,"href":"https:\/\/todoapulmon-rafaela.com\/index.php\/wp-json\/wp\/v2\/posts\/57644\/revisions"}],"predecessor-version":[{"id":57648,"href":"https:\/\/todoapulmon-rafaela.com\/index.php\/wp-json\/wp\/v2\/posts\/57644\/revisions\/57648"}],"wp:featuredmedia":[{"embeddable":true,"href":"https:\/\/todoapulmon-rafaela.com\/index.php\/wp-json\/wp\/v2\/media\/57647"}],"wp:attachment":[{"href":"https:\/\/todoapulmon-rafaela.com\/index.php\/wp-json\/wp\/v2\/media?parent=57644"}],"wp:term":[{"taxonomy":"category","embeddable":true,"href":"https:\/\/todoapulmon-rafaela.com\/index.php\/wp-json\/wp\/v2\/categories?post=57644"},{"taxonomy":"post_tag","embeddable":true,"href":"https:\/\/todoapulmon-rafaela.com\/index.php\/wp-json\/wp\/v2\/tags?post=57644"}],"curies":[{"name":"wp","href":"https:\/\/api.w.org\/{rel}","templated":true}]}}