{"id":5757,"date":"2017-04-12T12:16:07","date_gmt":"2017-04-12T12:16:07","guid":{"rendered":"http:\/\/todoapulmon-rafaela.com\/?p=5757"},"modified":"2017-04-12T12:16:07","modified_gmt":"2017-04-12T12:16:07","slug":"el-25o-ciclismo-en-los-barrios-con-un-merecido-homenaje","status":"publish","type":"post","link":"https:\/\/todoapulmon-rafaela.com\/index.php\/2017\/04\/12\/el-25o-ciclismo-en-los-barrios-con-un-merecido-homenaje\/","title":{"rendered":"El 25\u00ba Ciclismo en los Barrios con un merecido homenaje"},"content":{"rendered":"<p>Ciclismo en los Barrios lleg\u00f3 a las Bodas de Plata, ratificando su vigencia con el correr del tiempo gracias al \u00e9xito que ha generado en cuanto a la generaci\u00f3n de valores que luego le dieron al deporte de Rafaela muchas satisfacciones. A trav\u00e9s de una conferencia de prensa realizada anoche en el Club Ciclista de Rafaela, se llev\u00f3 a cabo la presentaci\u00f3n del calendario 2017, en su 25\u00aa edici\u00f3n, organizada por el Area Deportes de la Municipalidad y con el contralor del Club Ciclista.<br \/>\nComo es tradicional, estuvieron presentes en la oportunidad dirigentes de la entidad organizadora, funcionarios municipales y sponsors. El presidente anfitri\u00f3n, Adri\u00e1n Della Torre comenz\u00f3 su alocuci\u00f3n pidiendo que este a\u00f1o el certamen lleve el nombre de \u00abLeonelo Bellezze\u00bb, lo cual fue avalado posteriormente por el Senador Alcides Calvo y el Subsecretario de Deportes, Sebasti\u00e1n Ballina, quien se comprometi\u00f3 a gestionar que sea declarado de inter\u00e9s municipal, en un justo reconocimiento a quien fue el Maestro del Periodismo rafaelino. Tambi\u00e9n hicieron uso de la palabra el Dr. Eduardo L\u00f3pez, Jefe de Gabinete municipal, y Raquel Trucco, en representaci\u00f3n de Casa Delma.<br \/>\nLa primera fecha del certamen se pondr\u00e1 en marcha el s\u00e1bado 15 de abril en un circuito callejero trazado alrededor de la plaza del barrio Mart\u00edn Fierro, a partir de las 15:30. Est\u00e1 previsto que se realicen a lo largo de 2017 catorce fechas, diez de las cuales ser\u00e1n en Rafaela y las restantes en poblaciones que mostraron inter\u00e9s en sumar el proyecto para sus comunidades, como Susana, Bella Italia, Ataliva y Tacural.<\/p>\n","protected":false},"excerpt":{"rendered":"<p>Ciclismo en los Barrios lleg\u00f3 a las Bodas de Plata, ratificando su vigencia con el correr del tiempo gracias al<\/p>\n","protected":false},"author":2,"featured_media":5758,"comment_status":"open","ping_status":"open","sticky":false,"template":"","format":"standard","meta":{"footnotes":""},"categories":[4,24],"tags":[],"class_list":["post-5757","post","type-post","status-publish","format-standard","has-post-thumbnail","hentry","category-ciclismo","category-noticias-destacadas"],"cc_featured_image_caption":{"caption_text":"La presentaci\u00f3n realizada en el Club Ciclista.","source_text":"","source_url":""},"_links":{"self":[{"href":"https:\/\/todoapulmon-rafaela.com\/index.php\/wp-json\/wp\/v2\/posts\/5757"}],"collection":[{"href":"https:\/\/todoapulmon-rafaela.com\/index.php\/wp-json\/wp\/v2\/posts"}],"about":[{"href":"https:\/\/todoapulmon-rafaela.com\/index.php\/wp-json\/wp\/v2\/types\/post"}],"author":[{"embeddable":true,"href":"https:\/\/todoapulmon-rafaela.com\/index.php\/wp-json\/wp\/v2\/users\/2"}],"replies":[{"embeddable":true,"href":"https:\/\/todoapulmon-rafaela.com\/index.php\/wp-json\/wp\/v2\/comments?post=5757"}],"version-history":[{"count":1,"href":"https:\/\/todoapulmon-rafaela.com\/index.php\/wp-json\/wp\/v2\/posts\/5757\/revisions"}],"predecessor-version":[{"id":5759,"href":"https:\/\/todoapulmon-rafaela.com\/index.php\/wp-json\/wp\/v2\/posts\/5757\/revisions\/5759"}],"wp:featuredmedia":[{"embeddable":true,"href":"https:\/\/todoapulmon-rafaela.com\/index.php\/wp-json\/wp\/v2\/media\/5758"}],"wp:attachment":[{"href":"https:\/\/todoapulmon-rafaela.com\/index.php\/wp-json\/wp\/v2\/media?parent=5757"}],"wp:term":[{"taxonomy":"category","embeddable":true,"href":"https:\/\/todoapulmon-rafaela.com\/index.php\/wp-json\/wp\/v2\/categories?post=5757"},{"taxonomy":"post_tag","embeddable":true,"href":"https:\/\/todoapulmon-rafaela.com\/index.php\/wp-json\/wp\/v2\/tags?post=5757"}],"curies":[{"name":"wp","href":"https:\/\/api.w.org\/{rel}","templated":true}]}}