{"id":57288,"date":"2025-06-08T14:30:16","date_gmt":"2025-06-08T14:30:16","guid":{"rendered":"https:\/\/todoapulmon-rafaela.com\/?p=57288"},"modified":"2025-06-08T14:30:16","modified_gmt":"2025-06-08T14:30:16","slug":"isabella-gentili-fue-subcampeona-con-santa-fe","status":"publish","type":"post","link":"https:\/\/todoapulmon-rafaela.com\/index.php\/2025\/06\/08\/isabella-gentili-fue-subcampeona-con-santa-fe\/","title":{"rendered":"Isabella Gentili fue subcampeona con Santa Fe"},"content":{"rendered":"<p>Este s\u00e1bado finaliz\u00f3 el Campeonato Nacional Sub 14 de voley en Bariloche, donde Santa Fe fue subcampe\u00f3n en la rama femenina con la rafaelina Isabebella Gentili en sus filas.<\/p>\n<p>La jugadora del Club Almagro disfrut\u00f3 de una gran performance y experiencia en el torneo m\u00e1s importante en su categor\u00eda. Con el n\u00famero 14 en su remera, integr\u00f3 un equipo que nuevamente mantuvo el alto nivel en nuestra provincia en este deporte.<\/p>\n<p>En la fase clasificatoria, Santa Fe le gan\u00f3 3 a 0 a Santa Cruz, 3 a 0 a Salta, 3 a 0 a Mendoza y 3 a 0 a San Juan. Luego, en cuartos de final derrot\u00f3 3 a 0 a Mendoza y en semifinales a Buenos Aires por 3 a 1.<\/p>\n<p><img loading=\"lazy\" decoding=\"async\" class=\"alignnone size-full wp-image-57290\" src=\"https:\/\/todoapulmon-rafaela.com\/wp-content\/uploads\/2025\/06\/Isabella-Gentili1.jpg\" alt=\"\" width=\"2048\" height=\"1365\" srcset=\"https:\/\/todoapulmon-rafaela.com\/wp-content\/uploads\/2025\/06\/Isabella-Gentili1.jpg 2048w, https:\/\/todoapulmon-rafaela.com\/wp-content\/uploads\/2025\/06\/Isabella-Gentili1-300x200.jpg 300w, https:\/\/todoapulmon-rafaela.com\/wp-content\/uploads\/2025\/06\/Isabella-Gentili1-1536x1024.jpg 1536w\" sizes=\"(max-width: 2048px) 100vw, 2048px\" \/><\/p>\n<p>En la final no pudo con Metropolitana, que se impuso por 3 a 1 con parciales de 22-25, 25-21, 25-17 y 25-19.<\/p>\n<p>Este torneo cont\u00f3 con 20 selecciones femeninas y 18 masculinas en un gran n\u00famero para ser la edici\u00f3n m\u00e1s grande hasta el momento.<\/p>\n<p><strong>POSICIONES FINALES<\/strong><\/p>\n<p><strong>FEMENINO<\/strong><br \/>\n1- Metro<br \/>\n2- Santa Fe<br \/>\n3- C\u00f3rdoba<br \/>\n4- Buenos Aires<br \/>\n5- Mendoza<br \/>\n6- Chaco<br \/>\n7- Entre R\u00edos<br \/>\n8- R\u00edo Negro<br \/>\n9- Misiones<br \/>\n10- Corrientes<br \/>\n11- Salta<br \/>\n12- San Juan<br \/>\n13- Formosa<br \/>\n14- La Pampa<br \/>\n15- Neuqu\u00e9n<br \/>\n16- Jujuy<br \/>\n17- Tucum\u00e1n<br \/>\n18- Sgo. del Estero<br \/>\n19- Santa Cruz<br \/>\n20- Chubut<\/p>\n<p><strong>MASCULINO<\/strong><br \/>\n1- Metro<br \/>\n2- Chaco<br \/>\n3- R\u00edo Negro<br \/>\n4- La Pampa<br \/>\n5- Tucum\u00e1n<br \/>\n6- Santa Fe<br \/>\n7- Mendoza<br \/>\n8- Buenos Aires<br \/>\n9- San Juan<br \/>\n10- Entre R\u00edos<br \/>\n11- Chubut<br \/>\n12- Corrientes<br \/>\n13- Santa Cruz<br \/>\n14- Salta<br \/>\n15- Misiones.<\/p>\n","protected":false},"excerpt":{"rendered":"<p>Este s\u00e1bado finaliz\u00f3 el Campeonato Nacional Sub 14 de voley en Bariloche, donde Santa Fe fue subcampe\u00f3n en la rama<\/p>\n","protected":false},"author":2,"featured_media":57289,"comment_status":"closed","ping_status":"closed","sticky":false,"template":"","format":"standard","meta":{"footnotes":""},"categories":[24,16],"tags":[],"class_list":["post-57288","post","type-post","status-publish","format-standard","has-post-thumbnail","hentry","category-noticias-destacadas","category-voley"],"cc_featured_image_caption":{"caption_text":"El equipo santafesino en la premiacion, con la jugadora de Almagro (N\u00ba 14).","source_text":"","source_url":""},"_links":{"self":[{"href":"https:\/\/todoapulmon-rafaela.com\/index.php\/wp-json\/wp\/v2\/posts\/57288"}],"collection":[{"href":"https:\/\/todoapulmon-rafaela.com\/index.php\/wp-json\/wp\/v2\/posts"}],"about":[{"href":"https:\/\/todoapulmon-rafaela.com\/index.php\/wp-json\/wp\/v2\/types\/post"}],"author":[{"embeddable":true,"href":"https:\/\/todoapulmon-rafaela.com\/index.php\/wp-json\/wp\/v2\/users\/2"}],"replies":[{"embeddable":true,"href":"https:\/\/todoapulmon-rafaela.com\/index.php\/wp-json\/wp\/v2\/comments?post=57288"}],"version-history":[{"count":1,"href":"https:\/\/todoapulmon-rafaela.com\/index.php\/wp-json\/wp\/v2\/posts\/57288\/revisions"}],"predecessor-version":[{"id":57291,"href":"https:\/\/todoapulmon-rafaela.com\/index.php\/wp-json\/wp\/v2\/posts\/57288\/revisions\/57291"}],"wp:featuredmedia":[{"embeddable":true,"href":"https:\/\/todoapulmon-rafaela.com\/index.php\/wp-json\/wp\/v2\/media\/57289"}],"wp:attachment":[{"href":"https:\/\/todoapulmon-rafaela.com\/index.php\/wp-json\/wp\/v2\/media?parent=57288"}],"wp:term":[{"taxonomy":"category","embeddable":true,"href":"https:\/\/todoapulmon-rafaela.com\/index.php\/wp-json\/wp\/v2\/categories?post=57288"},{"taxonomy":"post_tag","embeddable":true,"href":"https:\/\/todoapulmon-rafaela.com\/index.php\/wp-json\/wp\/v2\/tags?post=57288"}],"curies":[{"name":"wp","href":"https:\/\/api.w.org\/{rel}","templated":true}]}}