{"id":57199,"date":"2025-06-05T23:15:22","date_gmt":"2025-06-05T23:15:22","guid":{"rendered":"https:\/\/todoapulmon-rafaela.com\/?p=57199"},"modified":"2025-06-05T23:15:22","modified_gmt":"2025-06-05T23:15:22","slug":"por-la-clasificacion-al-mundial","status":"publish","type":"post","link":"https:\/\/todoapulmon-rafaela.com\/index.php\/2025\/06\/05\/por-la-clasificacion-al-mundial\/","title":{"rendered":"Por la clasificaci\u00f3n al Mundial"},"content":{"rendered":"<p>Tras concluir la fase de grupos en la tercera posici\u00f3n, el conjunto nacional -integrado por el rafaelino Benjam\u00edn Taborda- enfrentar\u00e1 este viernes desde las 18 a Puerto Rico, el segundo clasificado del Grupo B, en un duelo mano a mano por la clasificaci\u00f3n al gran objetivo en el FIBA Am\u00e9ricas U16.<br \/>\nLa victoria no solo le asegurar\u00eda un lugar entre los cuatro mejores del torneo, sino tambi\u00e9n su pasaje directo al Mundial U17 del a\u00f1o pr\u00f3ximo.<br \/>\nArgentina cerr\u00f3 su participaci\u00f3n en la primera fase desarrollada en Ciudad Ju\u00e1rez (M\u00e9xico) con una victoria y dos derrotas. El triunfo fue ante el local, M\u00e9xico (77-52), mientras que los tropiezos llegaron frente a Rep\u00fablica Dominicana (91-76) y un categ\u00f3rico Estados Unidos (124-56), en un cruce en el que se hizo evidente la diferencia f\u00edsica, atl\u00e9tica y de jerarqu\u00eda entre ambos equipos.<br \/>\nEn ese \u00faltimo encuentro hizo su estreno en el torneo el jugador del Club 9 de Julio. Estuvo 21 minutos en cancha, convirtiendo dos puntos, bajando tres rebotes y entregando una asistencia.<br \/>\nPor su parte, Puerto Rico llega como un adversario de cuidado. Comenz\u00f3 con dos victorias convincentes: 98-80 ante Brasil y 68-67 frente a Venezuela, y solo cay\u00f3 en el cierre del grupo contra el potente Canad\u00e1 (94-81), que termin\u00f3 primero. Su principal figura es el base Dwight Gaines, segundo m\u00e1ximo anotador del torneo con una media de 23.7 puntos por partido, y un arma ofensiva que exigir\u00e1 al m\u00e1ximo al sistema defensivo argentino.<\/p>\n","protected":false},"excerpt":{"rendered":"<p>Tras concluir la fase de grupos en la tercera posici\u00f3n, el conjunto nacional -integrado por el rafaelino Benjam\u00edn Taborda- enfrentar\u00e1<\/p>\n","protected":false},"author":2,"featured_media":57206,"comment_status":"closed","ping_status":"closed","sticky":false,"template":"","format":"standard","meta":{"footnotes":""},"categories":[5,24],"tags":[],"class_list":["post-57199","post","type-post","status-publish","format-standard","has-post-thumbnail","hentry","category-basquet","category-noticias-destacadas"],"cc_featured_image_caption":{"caption_text":"Argentina, al todo o nada este viernes (foto FIBA).","source_text":"","source_url":""},"_links":{"self":[{"href":"https:\/\/todoapulmon-rafaela.com\/index.php\/wp-json\/wp\/v2\/posts\/57199"}],"collection":[{"href":"https:\/\/todoapulmon-rafaela.com\/index.php\/wp-json\/wp\/v2\/posts"}],"about":[{"href":"https:\/\/todoapulmon-rafaela.com\/index.php\/wp-json\/wp\/v2\/types\/post"}],"author":[{"embeddable":true,"href":"https:\/\/todoapulmon-rafaela.com\/index.php\/wp-json\/wp\/v2\/users\/2"}],"replies":[{"embeddable":true,"href":"https:\/\/todoapulmon-rafaela.com\/index.php\/wp-json\/wp\/v2\/comments?post=57199"}],"version-history":[{"count":1,"href":"https:\/\/todoapulmon-rafaela.com\/index.php\/wp-json\/wp\/v2\/posts\/57199\/revisions"}],"predecessor-version":[{"id":57200,"href":"https:\/\/todoapulmon-rafaela.com\/index.php\/wp-json\/wp\/v2\/posts\/57199\/revisions\/57200"}],"wp:featuredmedia":[{"embeddable":true,"href":"https:\/\/todoapulmon-rafaela.com\/index.php\/wp-json\/wp\/v2\/media\/57206"}],"wp:attachment":[{"href":"https:\/\/todoapulmon-rafaela.com\/index.php\/wp-json\/wp\/v2\/media?parent=57199"}],"wp:term":[{"taxonomy":"category","embeddable":true,"href":"https:\/\/todoapulmon-rafaela.com\/index.php\/wp-json\/wp\/v2\/categories?post=57199"},{"taxonomy":"post_tag","embeddable":true,"href":"https:\/\/todoapulmon-rafaela.com\/index.php\/wp-json\/wp\/v2\/tags?post=57199"}],"curies":[{"name":"wp","href":"https:\/\/api.w.org\/{rel}","templated":true}]}}