{"id":57196,"date":"2025-06-05T12:38:03","date_gmt":"2025-06-05T12:38:03","guid":{"rendered":"https:\/\/todoapulmon-rafaela.com\/?p=57196"},"modified":"2025-06-05T12:38:03","modified_gmt":"2025-06-05T12:38:03","slug":"domingo-en-bici-juegos-aprendizajes-y-diversion","status":"publish","type":"post","link":"https:\/\/todoapulmon-rafaela.com\/index.php\/2025\/06\/05\/domingo-en-bici-juegos-aprendizajes-y-diversion\/","title":{"rendered":"Domingo en bici: juegos, aprendizajes y diversi\u00f3n"},"content":{"rendered":"<div><strong><em>Este domingo 8 de junio, la Municipalidad de Rafaela invita a las familias a participar de una jornada especial de concientizaci\u00f3n y aprendizaje vinculada al uso de la bicicleta como medio de transporte saludable, sustentable y accesible.<\/em><\/strong><\/div>\n<div><\/div>\n<div>En el marco de las actividades por el mes del ambiente, la Municipalidad de Rafaela a trav\u00e9s del Instituto para el Desarrollo Sustentable contin\u00faa llevando adelante el proyecto \u201cBiciescuelas Argentinas\u201d en un espacio l\u00fadico-educativo p\u00fablico y gratuito, dise\u00f1ado para que los m\u00e1s peque\u00f1os aprendan a usar la bicicleta.<\/div>\n<div><\/div>\n<div>Se realizar\u00e1 una nueva jornada de ense\u00f1anza para que ni\u00f1os y ni\u00f1as entre 2 y 11 a\u00f1os, puedan aprender, guiados por instructores del programa Biciescuelas Argentinas y por los Promotores Ambientales del IDSR, acompa\u00f1ados por el grupo ciclista Los Picantes Rafaela.<\/div>\n<div><\/div>\n<div>La actividad se desarrollar\u00e1 el domingo 8 de junio en el Centro de Educaci\u00f3n F\u00edsica N\u00b053 (Bv. Santa Fe 2680) en grupos reducidos divididos en cuatro turnos diferentes, a las 10:00, 11:30, 13:00 y 14:30. Las familias interesadas pueden inscribir a los ni\u00f1os en el siguiente formulario:\u00a0<a href=\"http:\/\/t.ly\/Lh2IC\" target=\"_blank\" rel=\"noopener\" data-saferedirecturl=\"https:\/\/www.google.com\/url?q=http:\/\/t.ly\/Lh2IC&amp;source=gmail&amp;ust=1749213207325000&amp;usg=AOvVaw2-XyxCkXEG5ME0erMmCIT2\">t.ly\/Lh2IC<\/a>\u00a0.<\/div>\n<div><\/div>\n<div>Es una clase por ni\u00f1o. De car\u00e1cter gratuito. No es necesario llevar bicicleta.<\/div>\n<div><\/div>\n<div>Es importante saber que si bien los padres seleccionan rangos horarios de preferencia, el equipo de Biciescuelas armar\u00e1 los grupos e informar\u00e1 el horario definitivo a trav\u00e9s de los datos de contacto brindado en este formulario de inscripci\u00f3n.<\/div>\n<div><\/div>\n<div>El circuito incluye bicicletas y juegos adaptados, guiado por facilitadores especializados, en diferentes circuitos para que los ni\u00f1os puedan desarrollar aptitudes en la bicicleta a trav\u00e9s del juego y la experiencia.<\/div>\n<div><\/div>\n<div>Algunas de las actividades destacadas de cada jornada son las clases de t\u00e9cnica, los circuitos de destreza y la introducci\u00f3n a las se\u00f1ales de tr\u00e1nsito y las normas de seguridad para la educaci\u00f3n vial.<\/div>\n<div><\/div>\n<div><strong>Programa Biciescuelas Argentinas<\/strong><\/div>\n<div>\u201cBiciescuelas Argentinas\u201d es una iniciativa nacional que tiene como objetivo impulsar el uso de la bicicleta en espacios l\u00fadicos de aprendizaje, para que la incorporen como medio de transporte cotidiano, seguro y amigable con el ambiente.<\/div>\n<div><\/div>\n<div>Rafaela fue la primera localidad de la Provincia de Santa Fe en adherir a este programa, y la primera localidad de nuestro pa\u00eds en materializar esta iniciativa en territorio.<\/div>\n<div><\/div>\n<div>El programa busca posicionar la bicicleta como un modo de transporte urbano, promoviendo un cambio cultural hacia su uso cotidiano, mientras se fomenta la autonom\u00eda, motricidad, seguridad y confianza en los ni\u00f1os y ni\u00f1as.<\/div>\n<div><\/div>\n<div>Para consultas se puede llamar al (03492) 504579 \/ 15507915. Instituto para el Desarrollo Sustentable. Municipalidad de Rafaela.<\/div>\n","protected":false},"excerpt":{"rendered":"<p>Este domingo 8 de junio, la Municipalidad de Rafaela invita a las familias a participar de una jornada especial de<\/p>\n","protected":false},"author":2,"featured_media":57197,"comment_status":"closed","ping_status":"closed","sticky":false,"template":"","format":"standard","meta":{"footnotes":""},"categories":[1],"tags":[],"class_list":["post-57196","post","type-post","status-publish","format-standard","has-post-thumbnail","hentry","category-sin-categoria"],"cc_featured_image_caption":{"caption_text":"","source_text":"","source_url":""},"_links":{"self":[{"href":"https:\/\/todoapulmon-rafaela.com\/index.php\/wp-json\/wp\/v2\/posts\/57196"}],"collection":[{"href":"https:\/\/todoapulmon-rafaela.com\/index.php\/wp-json\/wp\/v2\/posts"}],"about":[{"href":"https:\/\/todoapulmon-rafaela.com\/index.php\/wp-json\/wp\/v2\/types\/post"}],"author":[{"embeddable":true,"href":"https:\/\/todoapulmon-rafaela.com\/index.php\/wp-json\/wp\/v2\/users\/2"}],"replies":[{"embeddable":true,"href":"https:\/\/todoapulmon-rafaela.com\/index.php\/wp-json\/wp\/v2\/comments?post=57196"}],"version-history":[{"count":1,"href":"https:\/\/todoapulmon-rafaela.com\/index.php\/wp-json\/wp\/v2\/posts\/57196\/revisions"}],"predecessor-version":[{"id":57198,"href":"https:\/\/todoapulmon-rafaela.com\/index.php\/wp-json\/wp\/v2\/posts\/57196\/revisions\/57198"}],"wp:featuredmedia":[{"embeddable":true,"href":"https:\/\/todoapulmon-rafaela.com\/index.php\/wp-json\/wp\/v2\/media\/57197"}],"wp:attachment":[{"href":"https:\/\/todoapulmon-rafaela.com\/index.php\/wp-json\/wp\/v2\/media?parent=57196"}],"wp:term":[{"taxonomy":"category","embeddable":true,"href":"https:\/\/todoapulmon-rafaela.com\/index.php\/wp-json\/wp\/v2\/categories?post=57196"},{"taxonomy":"post_tag","embeddable":true,"href":"https:\/\/todoapulmon-rafaela.com\/index.php\/wp-json\/wp\/v2\/tags?post=57196"}],"curies":[{"name":"wp","href":"https:\/\/api.w.org\/{rel}","templated":true}]}}