{"id":57158,"date":"2025-06-04T11:03:44","date_gmt":"2025-06-04T11:03:44","guid":{"rendered":"https:\/\/todoapulmon-rafaela.com\/?p=57158"},"modified":"2025-06-04T11:03:44","modified_gmt":"2025-06-04T11:03:44","slug":"santa-fe-con-isabella-gentili-comenzo-con-triunfo-el-argentino-sub-14","status":"publish","type":"post","link":"https:\/\/todoapulmon-rafaela.com\/index.php\/2025\/06\/04\/santa-fe-con-isabella-gentili-comenzo-con-triunfo-el-argentino-sub-14\/","title":{"rendered":"Santa Fe, con Isabella Gentili, comenz\u00f3 con triunfo el Argentino Sub 14"},"content":{"rendered":"<p>Con la presencia de la jugadora del Club Almagro de Rafaela, Isabella Gentili, comenz\u00f3 la participaci\u00f3n del seleccionado de Santa Fe en el Campeonato Argentino Sub 14 que se disputa en Bariloche.<\/p>\n<p>Cabe mencionar que es la primera vez que una jugadora de Almagro disputa un campeonato de esta trascendencia con Santa Fe, un gran m\u00e9rito para la ascendente deportista local que pudo ganarse un lugar en la n\u00f3mina final del equipo y que es todo un orgullo para la entidad de calle Garibaldi.<\/p>\n<p>El combinado provincial femenino arranc\u00f3 con victoria frente a Santa Cruz por 3 a 0 (25-15, 25-10 y 25-9).<\/p>\n<p>En la etapa de clasificaci\u00f3n, los restantes encuentros ser\u00e1n: mi\u00e9rcoles a las 10.30 vs. Salta; jueves a las 9 vs. Mendoza y a las 17 vs. San Juan.<\/p>\n<p><img loading=\"lazy\" decoding=\"async\" class=\"alignnone size-full wp-image-57164\" src=\"https:\/\/todoapulmon-rafaela.com\/wp-content\/uploads\/2025\/06\/Screenshot_20250603-201640_Instagram.jpg\" alt=\"\" width=\"720\" height=\"563\" srcset=\"https:\/\/todoapulmon-rafaela.com\/wp-content\/uploads\/2025\/06\/Screenshot_20250603-201640_Instagram.jpg 720w, https:\/\/todoapulmon-rafaela.com\/wp-content\/uploads\/2025\/06\/Screenshot_20250603-201640_Instagram-300x235.jpg 300w\" sizes=\"(max-width: 720px) 100vw, 720px\" \/><\/p>\n<p>Este Nacional cuenta con 20 seleccionados femeninos y 18 masculinos en un torneo verdaderamente federal en la Patagonia argentina. Se puede seguir en YouTube por el canal de FEVA.<\/p>\n<p>El torneo se desarrollar\u00e1 hasta el pr\u00f3ximo s\u00e1bado 7 de junio en siete canchas en simult\u00e1neo en el Bariloche Voley Club.<\/p>\n","protected":false},"excerpt":{"rendered":"<p>Con la presencia de la jugadora del Club Almagro de Rafaela, Isabella Gentili, comenz\u00f3 la participaci\u00f3n del seleccionado de Santa<\/p>\n","protected":false},"author":2,"featured_media":57163,"comment_status":"closed","ping_status":"closed","sticky":false,"template":"","format":"standard","meta":{"footnotes":""},"categories":[24,16],"tags":[],"class_list":["post-57158","post","type-post","status-publish","format-standard","has-post-thumbnail","hentry","category-noticias-destacadas","category-voley"],"cc_featured_image_caption":{"caption_text":"Foto Voley Almagro ","source_text":"","source_url":""},"_links":{"self":[{"href":"https:\/\/todoapulmon-rafaela.com\/index.php\/wp-json\/wp\/v2\/posts\/57158"}],"collection":[{"href":"https:\/\/todoapulmon-rafaela.com\/index.php\/wp-json\/wp\/v2\/posts"}],"about":[{"href":"https:\/\/todoapulmon-rafaela.com\/index.php\/wp-json\/wp\/v2\/types\/post"}],"author":[{"embeddable":true,"href":"https:\/\/todoapulmon-rafaela.com\/index.php\/wp-json\/wp\/v2\/users\/2"}],"replies":[{"embeddable":true,"href":"https:\/\/todoapulmon-rafaela.com\/index.php\/wp-json\/wp\/v2\/comments?post=57158"}],"version-history":[{"count":3,"href":"https:\/\/todoapulmon-rafaela.com\/index.php\/wp-json\/wp\/v2\/posts\/57158\/revisions"}],"predecessor-version":[{"id":57169,"href":"https:\/\/todoapulmon-rafaela.com\/index.php\/wp-json\/wp\/v2\/posts\/57158\/revisions\/57169"}],"wp:featuredmedia":[{"embeddable":true,"href":"https:\/\/todoapulmon-rafaela.com\/index.php\/wp-json\/wp\/v2\/media\/57163"}],"wp:attachment":[{"href":"https:\/\/todoapulmon-rafaela.com\/index.php\/wp-json\/wp\/v2\/media?parent=57158"}],"wp:term":[{"taxonomy":"category","embeddable":true,"href":"https:\/\/todoapulmon-rafaela.com\/index.php\/wp-json\/wp\/v2\/categories?post=57158"},{"taxonomy":"post_tag","embeddable":true,"href":"https:\/\/todoapulmon-rafaela.com\/index.php\/wp-json\/wp\/v2\/tags?post=57158"}],"curies":[{"name":"wp","href":"https:\/\/api.w.org\/{rel}","templated":true}]}}