{"id":57097,"date":"2025-06-02T01:01:10","date_gmt":"2025-06-02T01:01:10","guid":{"rendered":"https:\/\/todoapulmon-rafaela.com\/?p=57097"},"modified":"2025-06-02T01:16:29","modified_gmt":"2025-06-02T01:16:29","slug":"sofia-fregona-representara-a-argentina-en-el-iberoamericano-u18","status":"publish","type":"post","link":"https:\/\/todoapulmon-rafaela.com\/index.php\/2025\/06\/02\/sofia-fregona-representara-a-argentina-en-el-iberoamericano-u18\/","title":{"rendered":"Sof\u00eda Fregona representar\u00e1 a Argentina en el Iberoamericano U18"},"content":{"rendered":"<p>La Confederaci\u00f3n Argentina de Atletismo dio a conocer el equipo que nos representar\u00e1 en el Iberoamericano a realizarse, en su segunda edici\u00f3n, los d\u00edas 19 y 20 de Julio pr\u00f3ximo, en el Centro Nacional de Atletismo en, Asunci\u00f3n del Paraguay.<\/p>\n<p>Luego de sus grandes desempe\u00f1os de las \u00faltimas semanas, incluyendo el campeonato Nacional U18, Sof\u00eda Fregona fue confirmada en el equipo argentino en la prueba de 2.000 metros con obst\u00e1culos. La atleta de la Academia AEFC entrenada por Ariel Magallanes y Roc\u00edo Donnet tendr\u00e1 su segunda experiencia internacional de manera oficial con la selecci\u00f3n, luego de la de diciembre del a\u00f1o pasado en el Sudamericano de la misma categor\u00eda donde obtuvo la medalla de bronce.<\/p>\n<p><img loading=\"lazy\" decoding=\"async\" class=\"alignnone size-full wp-image-57098\" src=\"https:\/\/todoapulmon-rafaela.com\/wp-content\/uploads\/2025\/06\/Sofi-Fregona-2025.jpg\" alt=\"\" width=\"720\" height=\"1280\" srcset=\"https:\/\/todoapulmon-rafaela.com\/wp-content\/uploads\/2025\/06\/Sofi-Fregona-2025.jpg 720w, https:\/\/todoapulmon-rafaela.com\/wp-content\/uploads\/2025\/06\/Sofi-Fregona-2025-169x300.jpg 169w\" sizes=\"(max-width: 720px) 100vw, 720px\" \/><\/p>\n<p>El escenario de la capital paraguaya alberg\u00f3 a los Juegos Suramericanos 2022 y recibir\u00e1 a los Juegos Panamericanos Junior 2025, del que el Campeonato Iberoamericano de Atletismo es el evento test.<br \/>\nSe cuenta con una pista de 8 carriles \u201cMondo\u201d certificada Nivel 2, con tribunas para 4.000 espectadores, zona de calentamiento con un ovalo de 160 metros y cuatro carriles, con vestuarios cercanos a la misma, y con iluminaci\u00f3n artificial para competiciones nocturnas.<\/p>\n<p>Sofi, que este mes cumplir\u00e1 17 a\u00f1os, viene superando notoriamente sus marcas y lidera el ranking a nivel Sudamericano. No obstante, cabe mencionar que a nivel Iberoamericano la competencia puede ser notoriamente m\u00e1s competitiva, ya que a los pa\u00edses latinoamericanos se suman Espa\u00f1a y Portugal. Otro gran desaf\u00edo que se avecina para la atleta rafaelina.<\/p>\n","protected":false},"excerpt":{"rendered":"<p>La Confederaci\u00f3n Argentina de Atletismo dio a conocer el equipo que nos representar\u00e1 en el Iberoamericano a realizarse, en su<\/p>\n","protected":false},"author":2,"featured_media":57103,"comment_status":"closed","ping_status":"closed","sticky":false,"template":"","format":"standard","meta":{"footnotes":""},"categories":[7,24],"tags":[],"class_list":["post-57097","post","type-post","status-publish","format-standard","has-post-thumbnail","hentry","category-atletismo","category-noticias-destacadas"],"cc_featured_image_caption":{"caption_text":"","source_text":"","source_url":""},"_links":{"self":[{"href":"https:\/\/todoapulmon-rafaela.com\/index.php\/wp-json\/wp\/v2\/posts\/57097"}],"collection":[{"href":"https:\/\/todoapulmon-rafaela.com\/index.php\/wp-json\/wp\/v2\/posts"}],"about":[{"href":"https:\/\/todoapulmon-rafaela.com\/index.php\/wp-json\/wp\/v2\/types\/post"}],"author":[{"embeddable":true,"href":"https:\/\/todoapulmon-rafaela.com\/index.php\/wp-json\/wp\/v2\/users\/2"}],"replies":[{"embeddable":true,"href":"https:\/\/todoapulmon-rafaela.com\/index.php\/wp-json\/wp\/v2\/comments?post=57097"}],"version-history":[{"count":3,"href":"https:\/\/todoapulmon-rafaela.com\/index.php\/wp-json\/wp\/v2\/posts\/57097\/revisions"}],"predecessor-version":[{"id":57102,"href":"https:\/\/todoapulmon-rafaela.com\/index.php\/wp-json\/wp\/v2\/posts\/57097\/revisions\/57102"}],"wp:featuredmedia":[{"embeddable":true,"href":"https:\/\/todoapulmon-rafaela.com\/index.php\/wp-json\/wp\/v2\/media\/57103"}],"wp:attachment":[{"href":"https:\/\/todoapulmon-rafaela.com\/index.php\/wp-json\/wp\/v2\/media?parent=57097"}],"wp:term":[{"taxonomy":"category","embeddable":true,"href":"https:\/\/todoapulmon-rafaela.com\/index.php\/wp-json\/wp\/v2\/categories?post=57097"},{"taxonomy":"post_tag","embeddable":true,"href":"https:\/\/todoapulmon-rafaela.com\/index.php\/wp-json\/wp\/v2\/tags?post=57097"}],"curies":[{"name":"wp","href":"https:\/\/api.w.org\/{rel}","templated":true}]}}