{"id":57090,"date":"2025-06-02T00:28:05","date_gmt":"2025-06-02T00:28:05","guid":{"rendered":"https:\/\/todoapulmon-rafaela.com\/?p=57090"},"modified":"2025-06-02T01:54:07","modified_gmt":"2025-06-02T01:54:07","slug":"argentina-con-benjamin-taborda-debuta-en-la-americup-u16","status":"publish","type":"post","link":"https:\/\/todoapulmon-rafaela.com\/index.php\/2025\/06\/02\/argentina-con-benjamin-taborda-debuta-en-la-americup-u16\/","title":{"rendered":"Argentina, con Benjam\u00edn Taborda, debuta en la AmeriCup U16"},"content":{"rendered":"<p>La cita continental para la categor\u00eda U16 masculina arrancar\u00e1 este lunes 2 de junio en Ciudad Ju\u00e1rez, M\u00e9xico. El seleccionado argentino que integra el rafaelino Benjam\u00edn Taborda se estrenar\u00e1 ante ante Rep\u00fablica Dominicana, desde las 20.30.<\/p>\n<p>Se podr\u00e1 ver por el canal de FIBA en YouTube.<br \/>\nLuego enfrentar\u00e1 en d\u00edas consecutivos a M\u00e9xico y Estados Unidos antes de disputar los cuartos de final. Est\u00e1 en juego un lugar en la Copa del Mundo U17 del a\u00f1o pr\u00f3ximo, aunque al margen de los resultados, tambi\u00e9n hay objetivos a largo plazo: \u00abQue se sientan en el camino de ser profesionales y que sepan c\u00f3mo es el b\u00e1squet nacional o c\u00f3mo se juega en la Selecci\u00f3n Argentina. M\u00e1s all\u00e1 del resultado, si ellos entienden eso, nos iremos con la satisfacci\u00f3n grande del deber cumplido\u00bb, expres\u00f3 el entrenador Leonardo Guti\u00e9rrez.<\/p>\n<p><img loading=\"lazy\" decoding=\"async\" class=\"alignnone size-full wp-image-57094\" src=\"https:\/\/todoapulmon-rafaela.com\/wp-content\/uploads\/2025\/06\/Screenshot_20250601-212335_Instagram.jpg\" alt=\"\" width=\"720\" height=\"902\" srcset=\"https:\/\/todoapulmon-rafaela.com\/wp-content\/uploads\/2025\/06\/Screenshot_20250601-212335_Instagram.jpg 720w, https:\/\/todoapulmon-rafaela.com\/wp-content\/uploads\/2025\/06\/Screenshot_20250601-212335_Instagram-239x300.jpg 239w\" sizes=\"(max-width: 720px) 100vw, 720px\" \/><\/p>\n<p>El pasado mi\u00e9rcoles, el equipo que cuenta con el jugador del club 9 de Julio, disput\u00f3 su \u00faltimo amistoso. Fue con victoria por 71-44 ante un combinado U21 del club San Mart\u00edn de Marcos Ju\u00e1rez, donde demostr\u00f3 su juego vertical y la versatilidad de sus protagonistas: \u00abEl punto fuerte de esta categor\u00eda es correr. Estamos trabajando mucho en intentar hacer goles f\u00e1ciles en ataque r\u00e1pido. Los veo muy bien a la hora de tomar decisiones colectivas. Nosotros les estamos machacando todo el tiempo crear situaciones para sus compa\u00f1eros. Tambi\u00e9n en la parte defensiva, son muy agresivos defendiendo y no le esquivan al golpe, eso es una virtud muy grande. El equipo va a ser muy agresivo defensivamente y en los primeros cinco segundos del ataque vamos a sacar ventaja. Esperemos seguir trabajando para jugar bien el cinco por cinco cuando no podamos correr\u00bb, explic\u00f3 el entrenador.<\/p>\n<p><strong>SELECCI\u00d3N NACIONAL U16 &#8211; AMERICUP<\/strong><br \/>\nLautaro Basualdo | 2010 | 2.02 | Pallacanestro Varese (ITA)<br \/>\nGer\u00f3nimo Brocal | 2009 | 1.81 | Hind\u00fa de Resistencia<br \/>\nEzequiel Catal\u00e1n | 2009 | 1.91 | Bahiense del Norte<br \/>\nAgust\u00edn Della Negra | 2009 | 2.03 | Boca Jrs<br \/>\nJuan Benicio Dollberg | 2010 | 2.01 | Club 3 de Febrero<br \/>\nBenito Lavrut | 2009 | 1.93 | Ferro Carril Oeste<br \/>\nFacundo Mathieu | 2009 | 1.84 | Hind\u00fa de C\u00f3rdoba<br \/>\nEnzo Roth | 2009 | 1.92 | Club Naposta de Bah\u00eda Blanca<br \/>\nTom\u00e1s Sandes Ortega | 2009 | 1.93 | Leonardo Murialdo de Mendoza<br \/>\nBenjam\u00edn Taborda | 2010 | 1.91 | 9 de Julio Rafaela<br \/>\nIan Torres | 2009 | 1.92 | Instituto de C\u00f3rdoba<br \/>\nLuciano Turrini Ferrari | 2010 | 1.99 | Firmat FC<br \/>\nEntrenador: Leonardo Guti\u00e9rrez<br \/>\nAsistentes T\u00e9cnicos: Ignacio Giambartolomei, Alejandro Silveira<br \/>\nPreparador F\u00edsico: Oscar C\u00e1rdenas<br \/>\nCoordinador: Mariano Marcos<br \/>\nUtilero: Ignacio De la Matta<br \/>\nDirector de Selecciones: Hern\u00e1n Tettamanti<\/p>\n<p><strong>CALENDARIO &#8211; AMERICUP U16<\/strong><br \/>\nLunes 02\/06 | 20.30hs &#8211; Rep\u00fablica Dominicana vs Argentina<br \/>\nMartes 03\/06 | 23.00hs &#8211; M\u00e9xico vs Argentina<br \/>\nMi\u00e9rcoles 04\/06 | 20.30hs &#8211; Argentina vs Estados Unidos<br \/>\nJueves 05\/06 | Jornada Libre<br \/>\nViernes 06\/06 | Cuartos de Final.<\/p>\n","protected":false},"excerpt":{"rendered":"<p>La cita continental para la categor\u00eda U16 masculina arrancar\u00e1 este lunes 2 de junio en Ciudad Ju\u00e1rez, M\u00e9xico. El seleccionado<\/p>\n","protected":false},"author":2,"featured_media":57093,"comment_status":"closed","ping_status":"closed","sticky":false,"template":"","format":"standard","meta":{"footnotes":""},"categories":[5,24],"tags":[],"class_list":["post-57090","post","type-post","status-publish","format-standard","has-post-thumbnail","hentry","category-basquet","category-noticias-destacadas"],"cc_featured_image_caption":{"caption_text":"CAB","source_text":"","source_url":""},"_links":{"self":[{"href":"https:\/\/todoapulmon-rafaela.com\/index.php\/wp-json\/wp\/v2\/posts\/57090"}],"collection":[{"href":"https:\/\/todoapulmon-rafaela.com\/index.php\/wp-json\/wp\/v2\/posts"}],"about":[{"href":"https:\/\/todoapulmon-rafaela.com\/index.php\/wp-json\/wp\/v2\/types\/post"}],"author":[{"embeddable":true,"href":"https:\/\/todoapulmon-rafaela.com\/index.php\/wp-json\/wp\/v2\/users\/2"}],"replies":[{"embeddable":true,"href":"https:\/\/todoapulmon-rafaela.com\/index.php\/wp-json\/wp\/v2\/comments?post=57090"}],"version-history":[{"count":5,"href":"https:\/\/todoapulmon-rafaela.com\/index.php\/wp-json\/wp\/v2\/posts\/57090\/revisions"}],"predecessor-version":[{"id":57104,"href":"https:\/\/todoapulmon-rafaela.com\/index.php\/wp-json\/wp\/v2\/posts\/57090\/revisions\/57104"}],"wp:featuredmedia":[{"embeddable":true,"href":"https:\/\/todoapulmon-rafaela.com\/index.php\/wp-json\/wp\/v2\/media\/57093"}],"wp:attachment":[{"href":"https:\/\/todoapulmon-rafaela.com\/index.php\/wp-json\/wp\/v2\/media?parent=57090"}],"wp:term":[{"taxonomy":"category","embeddable":true,"href":"https:\/\/todoapulmon-rafaela.com\/index.php\/wp-json\/wp\/v2\/categories?post=57090"},{"taxonomy":"post_tag","embeddable":true,"href":"https:\/\/todoapulmon-rafaela.com\/index.php\/wp-json\/wp\/v2\/tags?post=57090"}],"curies":[{"name":"wp","href":"https:\/\/api.w.org\/{rel}","templated":true}]}}