{"id":56731,"date":"2025-05-17T22:45:54","date_gmt":"2025-05-17T22:45:54","guid":{"rendered":"https:\/\/todoapulmon-rafaela.com\/?p=56731"},"modified":"2025-05-17T23:03:24","modified_gmt":"2025-05-17T23:03:24","slug":"gran-sabado-de-accos-oro-para-jennifer-francone-y-meritoria-labor-de-aylen-salti","status":"publish","type":"post","link":"https:\/\/todoapulmon-rafaela.com\/index.php\/2025\/05\/17\/gran-sabado-de-accos-oro-para-jennifer-francone-y-meritoria-labor-de-aylen-salti\/","title":{"rendered":"Gran s\u00e1bado de ACCOS, oro para Jennifer Francone y meritoria labor de Ayl\u00e9n Salti"},"content":{"rendered":"<p>Este s\u00e1bado se corri\u00f3 la prueba de pelot\u00f3n de damas en el Campeonato Argentino de Ruta que se est\u00e1 desarrollando en Recreo, Catamarca.<\/p>\n<p>La competencia se disput\u00f3 sobre 110 kil\u00f3metros con bastante calor y viento, teniendo las representantes de ACCOS una destacada performance. El triunfo y medalla dorada correspondi\u00f3 a Jennifer Francone, la pedalista oriunda de San Francisco que corre para la Asociaci\u00f3n con sede en el Club Ciclista de Rafaela.<\/p>\n<p><img loading=\"lazy\" decoding=\"async\" class=\"alignnone size-full wp-image-56734\" src=\"https:\/\/todoapulmon-rafaela.com\/wp-content\/uploads\/2025\/05\/IMG_20250517_192234_094.jpg\" alt=\"\" width=\"590\" height=\"787\" srcset=\"https:\/\/todoapulmon-rafaela.com\/wp-content\/uploads\/2025\/05\/IMG_20250517_192234_094.jpg 590w, https:\/\/todoapulmon-rafaela.com\/wp-content\/uploads\/2025\/05\/IMG_20250517_192234_094-225x300.jpg 225w\" sizes=\"(max-width: 590px) 100vw, 590px\" \/><\/p>\n<p>Quien hab\u00eda sido bronce ayer en la crono, gan\u00f3 hoy con un tiempo de 3h 15m 39s, con dos segundos de ventaja sobre Sof\u00eda Martelli (Metropolitana), que fue segunda, y la sanjuanina Maribel Aguirre, que complet\u00f3 el podio.<\/p>\n<p>En tanto, la rafaelina Ayl\u00e9n Salti, que debutaba en campeonatos Argentinos, tuvo una meritoria labor. La pedalista de 19 a\u00f1os qued\u00f3 cuarta entre las Sub 23 y 23\u00aa en la clasificaci\u00f3n general, cumpliendo el primer objetivo que era terminar la competencia. Su tiempo fue de 3h 22m 22s.<\/p>\n<p>Mar\u00eda Acosta, de Santa Fe y otra representante de ACCOS, fue duod\u00e9cima en la general. En Sub 23 fue campeona Valentina Tapia, de la Cordobesa.<\/p>\n","protected":false},"excerpt":{"rendered":"<p>Este s\u00e1bado se corri\u00f3 la prueba de pelot\u00f3n de damas en el Campeonato Argentino de Ruta que se est\u00e1 desarrollando<\/p>\n","protected":false},"author":2,"featured_media":56736,"comment_status":"closed","ping_status":"closed","sticky":false,"template":"","format":"standard","meta":{"footnotes":""},"categories":[4,24],"tags":[],"class_list":["post-56731","post","type-post","status-publish","format-standard","has-post-thumbnail","hentry","category-ciclismo","category-noticias-destacadas"],"cc_featured_image_caption":{"caption_text":"Francone y Tapia, campeonas en Elite y Sub 23. (Foto FACPyR).","source_text":"","source_url":""},"_links":{"self":[{"href":"https:\/\/todoapulmon-rafaela.com\/index.php\/wp-json\/wp\/v2\/posts\/56731"}],"collection":[{"href":"https:\/\/todoapulmon-rafaela.com\/index.php\/wp-json\/wp\/v2\/posts"}],"about":[{"href":"https:\/\/todoapulmon-rafaela.com\/index.php\/wp-json\/wp\/v2\/types\/post"}],"author":[{"embeddable":true,"href":"https:\/\/todoapulmon-rafaela.com\/index.php\/wp-json\/wp\/v2\/users\/2"}],"replies":[{"embeddable":true,"href":"https:\/\/todoapulmon-rafaela.com\/index.php\/wp-json\/wp\/v2\/comments?post=56731"}],"version-history":[{"count":2,"href":"https:\/\/todoapulmon-rafaela.com\/index.php\/wp-json\/wp\/v2\/posts\/56731\/revisions"}],"predecessor-version":[{"id":56735,"href":"https:\/\/todoapulmon-rafaela.com\/index.php\/wp-json\/wp\/v2\/posts\/56731\/revisions\/56735"}],"wp:featuredmedia":[{"embeddable":true,"href":"https:\/\/todoapulmon-rafaela.com\/index.php\/wp-json\/wp\/v2\/media\/56736"}],"wp:attachment":[{"href":"https:\/\/todoapulmon-rafaela.com\/index.php\/wp-json\/wp\/v2\/media?parent=56731"}],"wp:term":[{"taxonomy":"category","embeddable":true,"href":"https:\/\/todoapulmon-rafaela.com\/index.php\/wp-json\/wp\/v2\/categories?post=56731"},{"taxonomy":"post_tag","embeddable":true,"href":"https:\/\/todoapulmon-rafaela.com\/index.php\/wp-json\/wp\/v2\/tags?post=56731"}],"curies":[{"name":"wp","href":"https:\/\/api.w.org\/{rel}","templated":true}]}}