{"id":56719,"date":"2025-05-17T17:45:09","date_gmt":"2025-05-17T17:45:09","guid":{"rendered":"https:\/\/todoapulmon-rafaela.com\/?p=56719"},"modified":"2025-05-17T17:51:55","modified_gmt":"2025-05-17T17:51:55","slug":"lucas-peretti-compitio-en-chile-con-los-elite","status":"publish","type":"post","link":"https:\/\/todoapulmon-rafaela.com\/index.php\/2025\/05\/17\/lucas-peretti-compitio-en-chile-con-los-elite\/","title":{"rendered":"Lucas Peretti compiti\u00f3 en Chile con los Elite"},"content":{"rendered":"<p>La Copa de Pista Internacional C2 en el vel\u00f3dromo de Pe\u00f1aolen, en Santiago de Chile, se desarrolla este fin de semana con la presencia m\u00e1s de 100 corredores de Latinoam\u00e9rica.<br \/>\nEste evento cont\u00f3 con la presencia del rafaelino Lucas Peretti, que compiti\u00f3 nuevamente con los Elite en el marco de su preparaci\u00f3n para el Mundial Master de este a\u00f1o.<br \/>\nDurante la primera jornada, en una de las pruebas de velocidad, Peretti se ubic\u00f3 s\u00e9ptimo con un tiempo de 10s 673\/1000 entre 16 protagonistas. Los dos primeros fueron los integrantes del equipo argentino de velocidad que tiene a Daniel Capella como entrenador. Primero Lucas Vilar con y segundo Juan Rodriguez.<br \/>\nEn los matchs luego lleg\u00f3 a cuartos de final.<\/p>\n<p>El viernes lamentablemente sufri\u00f3 una ca\u00edda en una de las semifinales del keirin, donde una astilla de 6 cent\u00edmetros le atraves\u00f3 la mano y si bien no le impidi\u00f3 presentarse este s\u00e1bado a la segunda carrera de velocidad, por el dolor le afect\u00f3 para rendir a pleno quedando und\u00e9cimo y perdiendo luego el match ante Mat\u00edas Murillo.<\/p>\n<p>\u00abCon el tiempo del jueves qued\u00e9 conforme porque fue mejor al del Mundial. La verdad ven\u00eda bien, por lo que fue una l\u00e1stima lo de la ca\u00edda y esta lesi\u00f3n en la mano. Me anot\u00e9 en Elite porque me sirve para el Mundial, me permite tener una mejor preparaci\u00f3n porque hay varias carreras\u00bb, explic\u00f3 desde Chile el velocista.<br \/>\nComplet\u00f3 expresando que \u00abpara el Mundial faltan cinco meses, estoy analizando si voy a correr el Argentino de Elite. Depender\u00e1 de las fechas, porque las prioridades son el Mundial y el Panamericano. Ahora espero poder recuperarme de la mano para poder entrenar bien\u00bb.<\/p>\n<p>&nbsp;<\/p>\n","protected":false},"excerpt":{"rendered":"<p>La Copa de Pista Internacional C2 en el vel\u00f3dromo de Pe\u00f1aolen, en Santiago de Chile, se desarrolla este fin de<\/p>\n","protected":false},"author":2,"featured_media":56722,"comment_status":"closed","ping_status":"closed","sticky":false,"template":"","format":"standard","meta":{"footnotes":""},"categories":[4,24],"tags":[],"class_list":["post-56719","post","type-post","status-publish","format-standard","has-post-thumbnail","hentry","category-ciclismo","category-noticias-destacadas"],"cc_featured_image_caption":{"caption_text":"","source_text":"","source_url":""},"_links":{"self":[{"href":"https:\/\/todoapulmon-rafaela.com\/index.php\/wp-json\/wp\/v2\/posts\/56719"}],"collection":[{"href":"https:\/\/todoapulmon-rafaela.com\/index.php\/wp-json\/wp\/v2\/posts"}],"about":[{"href":"https:\/\/todoapulmon-rafaela.com\/index.php\/wp-json\/wp\/v2\/types\/post"}],"author":[{"embeddable":true,"href":"https:\/\/todoapulmon-rafaela.com\/index.php\/wp-json\/wp\/v2\/users\/2"}],"replies":[{"embeddable":true,"href":"https:\/\/todoapulmon-rafaela.com\/index.php\/wp-json\/wp\/v2\/comments?post=56719"}],"version-history":[{"count":2,"href":"https:\/\/todoapulmon-rafaela.com\/index.php\/wp-json\/wp\/v2\/posts\/56719\/revisions"}],"predecessor-version":[{"id":56723,"href":"https:\/\/todoapulmon-rafaela.com\/index.php\/wp-json\/wp\/v2\/posts\/56719\/revisions\/56723"}],"wp:featuredmedia":[{"embeddable":true,"href":"https:\/\/todoapulmon-rafaela.com\/index.php\/wp-json\/wp\/v2\/media\/56722"}],"wp:attachment":[{"href":"https:\/\/todoapulmon-rafaela.com\/index.php\/wp-json\/wp\/v2\/media?parent=56719"}],"wp:term":[{"taxonomy":"category","embeddable":true,"href":"https:\/\/todoapulmon-rafaela.com\/index.php\/wp-json\/wp\/v2\/categories?post=56719"},{"taxonomy":"post_tag","embeddable":true,"href":"https:\/\/todoapulmon-rafaela.com\/index.php\/wp-json\/wp\/v2\/tags?post=56719"}],"curies":[{"name":"wp","href":"https:\/\/api.w.org\/{rel}","templated":true}]}}