{"id":56716,"date":"2025-05-17T23:22:48","date_gmt":"2025-05-17T23:22:48","guid":{"rendered":"https:\/\/todoapulmon-rafaela.com\/?p=56716"},"modified":"2025-05-17T23:22:48","modified_gmt":"2025-05-17T23:22:48","slug":"formativas-se-disputo-la-octava-fecha","status":"publish","type":"post","link":"https:\/\/todoapulmon-rafaela.com\/index.php\/2025\/05\/17\/formativas-se-disputo-la-octava-fecha\/","title":{"rendered":"Formativas: se disput\u00f3 la octava fecha"},"content":{"rendered":"<p>Este s\u00e1bado se jug\u00f3 en gran parte la octava fecha del torneo de Divisiones Formativas de la Asociaci\u00f3n Rafaelina de B\u00e1squetbol.<\/p>\n<p>Estos fueron los resultados:<\/p>\n<p><strong>U13<\/strong><\/p>\n<p>Independiente 71 (Tom\u00e1s Albrecht 15, Antonio Barreto 13) &#8211; Racing LTC 76 (Adriel Schwartzman 23, Nicol\u00e1s Crippa 16).<\/p>\n<p>Ben Hur 20 &#8211; Atl\u00e9tico Pilar 0.<\/p>\n<p>Libertad 26 (Valentino Davi Cravero 12) &#8211; Uni\u00f3n 56 (Juan Ocampo 17, Basilio Mudrik 14).<\/p>\n<p>Atl\u00e9tico 43 (Diuco Litvak y Benicio Chiarella 12) &#8211; 9 de Julio 117 (Joaqu\u00edn Marconetti 22, Juan Gauna 20).<\/p>\n<p><strong>U15<\/strong><\/p>\n<p>Atl\u00e9tico 70 (Facundo Requejo 21, Alvaro Wytrzes 13) &#8211; 9 de Julio 87 (Benjam\u00edn Taborda 40, Ian Corbal\u00e1n 12).<\/p>\n<p>Ben Hur 126 (Valent\u00edn Bernard 21, Santiago Santoni 20) &#8211; Atl\u00e9tico Pilar 31 (Ian Cisneros 12).<\/p>\n<p>Libertad 54 (Sim\u00f3n Rodriguez 14, Santiago Hirschfeld 10) &#8211; Uni\u00f3n 58 (Mateo Bolatti 15, Santino Bonafede 13).<\/p>\n<p>Independiente 108 (Tiziano Carella 27, Luciano Rossi 25) &#8211; Racing 32 (Juli\u00e1n Gramaglia 13).<\/p>\n<p><strong>U17<\/strong><\/p>\n<p>Independiente 77 ( Faustino Kuhn 19, Sim\u00f3n Corrado 11) &#8211; Racing 69 (Lautaro Alvarez 27, M\u00e1ximo Cesari 18).<\/p>\n<p>Libertad 70 (Santiago Paira 18, Lautaro Manfredi 10) &#8211; Uni\u00f3n 62 (Nicol\u00e1s Spila 22).<\/p>\n<p><strong>U14 (No oficial)<\/strong><\/p>\n<p>Libertad 46 (Santiago Hirschfeld 19, Santiago Alesiatto 11) &#8211; Uni\u00f3n 50 (Mateo Bolatti 18, Paulo Arnaudo 10).<\/p>\n<p><strong>U12 (No oficial)<\/strong><\/p>\n<p>Libertad 44 (Bautista R\u00e9 9) &#8211; Uni\u00f3n 49 (Constantino Esp\u00edndola y Tom\u00e1s Alcaraz 11).<\/p>\n<p>&nbsp;<\/p>\n","protected":false},"excerpt":{"rendered":"<p>Este s\u00e1bado se jug\u00f3 en gran parte la octava fecha del torneo de Divisiones Formativas de la Asociaci\u00f3n Rafaelina de<\/p>\n","protected":false},"author":2,"featured_media":56729,"comment_status":"closed","ping_status":"closed","sticky":false,"template":"","format":"standard","meta":{"footnotes":""},"categories":[5,24],"tags":[],"class_list":["post-56716","post","type-post","status-publish","format-standard","has-post-thumbnail","hentry","category-basquet","category-noticias-destacadas"],"cc_featured_image_caption":{"caption_text":"FOTO PRENSA ATLETICO DE RAFAELA","source_text":"","source_url":""},"_links":{"self":[{"href":"https:\/\/todoapulmon-rafaela.com\/index.php\/wp-json\/wp\/v2\/posts\/56716"}],"collection":[{"href":"https:\/\/todoapulmon-rafaela.com\/index.php\/wp-json\/wp\/v2\/posts"}],"about":[{"href":"https:\/\/todoapulmon-rafaela.com\/index.php\/wp-json\/wp\/v2\/types\/post"}],"author":[{"embeddable":true,"href":"https:\/\/todoapulmon-rafaela.com\/index.php\/wp-json\/wp\/v2\/users\/2"}],"replies":[{"embeddable":true,"href":"https:\/\/todoapulmon-rafaela.com\/index.php\/wp-json\/wp\/v2\/comments?post=56716"}],"version-history":[{"count":4,"href":"https:\/\/todoapulmon-rafaela.com\/index.php\/wp-json\/wp\/v2\/posts\/56716\/revisions"}],"predecessor-version":[{"id":56737,"href":"https:\/\/todoapulmon-rafaela.com\/index.php\/wp-json\/wp\/v2\/posts\/56716\/revisions\/56737"}],"wp:featuredmedia":[{"embeddable":true,"href":"https:\/\/todoapulmon-rafaela.com\/index.php\/wp-json\/wp\/v2\/media\/56729"}],"wp:attachment":[{"href":"https:\/\/todoapulmon-rafaela.com\/index.php\/wp-json\/wp\/v2\/media?parent=56716"}],"wp:term":[{"taxonomy":"category","embeddable":true,"href":"https:\/\/todoapulmon-rafaela.com\/index.php\/wp-json\/wp\/v2\/categories?post=56716"},{"taxonomy":"post_tag","embeddable":true,"href":"https:\/\/todoapulmon-rafaela.com\/index.php\/wp-json\/wp\/v2\/tags?post=56716"}],"curies":[{"name":"wp","href":"https:\/\/api.w.org\/{rel}","templated":true}]}}