{"id":56592,"date":"2025-05-13T16:06:24","date_gmt":"2025-05-13T16:06:24","guid":{"rendered":"https:\/\/todoapulmon-rafaela.com\/?p=56592"},"modified":"2025-05-13T16:06:24","modified_gmt":"2025-05-13T16:06:24","slug":"21k-rosario-se-corrigieron-clasificaciones","status":"publish","type":"post","link":"https:\/\/todoapulmon-rafaela.com\/index.php\/2025\/05\/13\/21k-rosario-se-corrigieron-clasificaciones\/","title":{"rendered":"21k Rosario: se corrigieron clasificaciones"},"content":{"rendered":"<p>Dos d\u00edas despu\u00e9s, la media marat\u00f3n de Rosario tuvo modificaciones en los resultados luego de algunas correcciones en el cronometraje. En una de las pruebas m\u00e1s convocantes del running argentino del interior del pa\u00eds y de mayor renombre, uno de los afectados por el error del domingo fue Germ\u00e1n Fern\u00e1ndez.<\/p>\n<p>El rafaelino originalmente hab\u00eda sido clasificado 18, pero tras los reclamos ante la falla se reconoci\u00f3 que arrib\u00f3 en el puesto 13 con un tiempo de 1h 13m 06s. Igualmente, qued\u00f3 privado del podio de su categor\u00eda que es algo que lament\u00f3 el runner de nuestra ciudad.<\/p>\n<p>Cabe destacar que Romano Maza tambi\u00e9n fue otro representante local destacado. El atleta del grupo Runnea qued\u00f3 en el puesto 16 de la clasificaci\u00f3n general con un tiempo de 1h 14m 23s. En su categor\u00eda de 36\/40 fue quinto.<\/p>\n<p>Otra buena performance fue la de Santiago Eberhardt, que se ubic\u00f3 32 en la clasificaci\u00f3n general con 1h 19m 08s.<\/p>\n","protected":false},"excerpt":{"rendered":"<p>Dos d\u00edas despu\u00e9s, la media marat\u00f3n de Rosario tuvo modificaciones en los resultados luego de algunas correcciones en el cronometraje.<\/p>\n","protected":false},"author":2,"featured_media":56593,"comment_status":"closed","ping_status":"closed","sticky":false,"template":"","format":"standard","meta":{"footnotes":""},"categories":[7,24],"tags":[],"class_list":["post-56592","post","type-post","status-publish","format-standard","has-post-thumbnail","hentry","category-atletismo","category-noticias-destacadas"],"cc_featured_image_caption":{"caption_text":"Germ\u00e1n Fern\u00e1ndez, a la izquierda en la avanzada de la foto. Finalmente fue clasificado 13 en la general.","source_text":"","source_url":""},"_links":{"self":[{"href":"https:\/\/todoapulmon-rafaela.com\/index.php\/wp-json\/wp\/v2\/posts\/56592"}],"collection":[{"href":"https:\/\/todoapulmon-rafaela.com\/index.php\/wp-json\/wp\/v2\/posts"}],"about":[{"href":"https:\/\/todoapulmon-rafaela.com\/index.php\/wp-json\/wp\/v2\/types\/post"}],"author":[{"embeddable":true,"href":"https:\/\/todoapulmon-rafaela.com\/index.php\/wp-json\/wp\/v2\/users\/2"}],"replies":[{"embeddable":true,"href":"https:\/\/todoapulmon-rafaela.com\/index.php\/wp-json\/wp\/v2\/comments?post=56592"}],"version-history":[{"count":1,"href":"https:\/\/todoapulmon-rafaela.com\/index.php\/wp-json\/wp\/v2\/posts\/56592\/revisions"}],"predecessor-version":[{"id":56594,"href":"https:\/\/todoapulmon-rafaela.com\/index.php\/wp-json\/wp\/v2\/posts\/56592\/revisions\/56594"}],"wp:featuredmedia":[{"embeddable":true,"href":"https:\/\/todoapulmon-rafaela.com\/index.php\/wp-json\/wp\/v2\/media\/56593"}],"wp:attachment":[{"href":"https:\/\/todoapulmon-rafaela.com\/index.php\/wp-json\/wp\/v2\/media?parent=56592"}],"wp:term":[{"taxonomy":"category","embeddable":true,"href":"https:\/\/todoapulmon-rafaela.com\/index.php\/wp-json\/wp\/v2\/categories?post=56592"},{"taxonomy":"post_tag","embeddable":true,"href":"https:\/\/todoapulmon-rafaela.com\/index.php\/wp-json\/wp\/v2\/tags?post=56592"}],"curies":[{"name":"wp","href":"https:\/\/api.w.org\/{rel}","templated":true}]}}