{"id":56558,"date":"2025-05-12T14:33:32","date_gmt":"2025-05-12T14:33:32","guid":{"rendered":"https:\/\/todoapulmon-rafaela.com\/?p=56558"},"modified":"2025-05-12T14:33:32","modified_gmt":"2025-05-12T14:33:32","slug":"se-viene-una-nueva-fecha-de-ciclismo-en-los-barrios","status":"publish","type":"post","link":"https:\/\/todoapulmon-rafaela.com\/index.php\/2025\/05\/12\/se-viene-una-nueva-fecha-de-ciclismo-en-los-barrios\/","title":{"rendered":"Se viene una nueva fecha de Ciclismo en los Barrios"},"content":{"rendered":"<p dir=\"ltr\">El programa \u201cCiclismo en los barrios\u201d no solo busca incentivar el uso de la bicicleta como herramienta de juego, transporte y salud entre los m\u00e1s chicos, sino que adem\u00e1s se ha convertido en una cantera de talentos deportivos.<\/p>\n<p dir=\"ltr\">Muchos ciclistas que hoy compiten en alto rendimiento y han sido campeones argentinos dieron sus primeros pasos en estas jornadas recreativas. A trav\u00e9s de actividades como la \u201cBiciescuela\u201d \u2014un circuito l\u00fadico con ense\u00f1anza para quienes llevan su bici\u2014 y el acompa\u00f1amiento t\u00e9cnico del Club Ciclista de Rafaela, se detectan y forman futuros atletas en un ambiente educativo y accesible.<\/p>\n<p dir=\"ltr\">La pr\u00f3xima fecha ser\u00e1 el s\u00e1bado 17 de mayo a las 15:00, en avenida Suipacha (entre Falucho y J.B. Justo). Est\u00e1 destinada a ni\u00f1os de 5 a 12 a\u00f1os, que deber\u00e1n asistir con su bicicleta y una botella de agua. Habr\u00e1 premios de Casa Delma y se sortear\u00e1 una bicicleta entre los participantes.<\/p>\n<p dir=\"ltr\">Organizan la Subsecretar\u00eda de Deporte y Recreaci\u00f3n junto al Club Ciclista de Rafaela. Este compromiso con el deporte de base demuestra que con oportunidades, acompa\u00f1amiento y comunidad, el talento local puede llegar muy lejos.<\/p>\n","protected":false},"excerpt":{"rendered":"<p>El programa \u201cCiclismo en los barrios\u201d no solo busca incentivar el uso de la bicicleta como herramienta de juego, transporte<\/p>\n","protected":false},"author":2,"featured_media":56559,"comment_status":"closed","ping_status":"closed","sticky":false,"template":"","format":"standard","meta":{"footnotes":""},"categories":[4,24],"tags":[],"class_list":["post-56558","post","type-post","status-publish","format-standard","has-post-thumbnail","hentry","category-ciclismo","category-noticias-destacadas"],"cc_featured_image_caption":{"caption_text":"","source_text":"","source_url":""},"_links":{"self":[{"href":"https:\/\/todoapulmon-rafaela.com\/index.php\/wp-json\/wp\/v2\/posts\/56558"}],"collection":[{"href":"https:\/\/todoapulmon-rafaela.com\/index.php\/wp-json\/wp\/v2\/posts"}],"about":[{"href":"https:\/\/todoapulmon-rafaela.com\/index.php\/wp-json\/wp\/v2\/types\/post"}],"author":[{"embeddable":true,"href":"https:\/\/todoapulmon-rafaela.com\/index.php\/wp-json\/wp\/v2\/users\/2"}],"replies":[{"embeddable":true,"href":"https:\/\/todoapulmon-rafaela.com\/index.php\/wp-json\/wp\/v2\/comments?post=56558"}],"version-history":[{"count":1,"href":"https:\/\/todoapulmon-rafaela.com\/index.php\/wp-json\/wp\/v2\/posts\/56558\/revisions"}],"predecessor-version":[{"id":56560,"href":"https:\/\/todoapulmon-rafaela.com\/index.php\/wp-json\/wp\/v2\/posts\/56558\/revisions\/56560"}],"wp:featuredmedia":[{"embeddable":true,"href":"https:\/\/todoapulmon-rafaela.com\/index.php\/wp-json\/wp\/v2\/media\/56559"}],"wp:attachment":[{"href":"https:\/\/todoapulmon-rafaela.com\/index.php\/wp-json\/wp\/v2\/media?parent=56558"}],"wp:term":[{"taxonomy":"category","embeddable":true,"href":"https:\/\/todoapulmon-rafaela.com\/index.php\/wp-json\/wp\/v2\/categories?post=56558"},{"taxonomy":"post_tag","embeddable":true,"href":"https:\/\/todoapulmon-rafaela.com\/index.php\/wp-json\/wp\/v2\/tags?post=56558"}],"curies":[{"name":"wp","href":"https:\/\/api.w.org\/{rel}","templated":true}]}}