{"id":56431,"date":"2025-05-07T14:22:21","date_gmt":"2025-05-07T14:22:21","guid":{"rendered":"https:\/\/todoapulmon-rafaela.com\/?p=56431"},"modified":"2025-05-07T20:33:13","modified_gmt":"2025-05-07T20:33:13","slug":"grandes-resultados-para-guepard-en-la-champa-ultra-race","status":"publish","type":"post","link":"https:\/\/todoapulmon-rafaela.com\/index.php\/2025\/05\/07\/grandes-resultados-para-guepard-en-la-champa-ultra-race\/","title":{"rendered":"Grandes resultados para Guepard en la Champa Ultra Race"},"content":{"rendered":"<p>El grupo Guepard Entrenamiento de nuestra ciudad tuvo una numerosa delegaci\u00f3n este fin de semana en la exigente y convocante carrera de Trail Running, Champa Ultra Race, que tuvo como epicentro a la localidad cordobesa de San Javier.<\/p>\n<p>Con 33 protagonistas para distintas distancias y categor\u00edas, los resultados marcaron una vez m\u00e1s el premio al entrenamiento diario con el entrenador Agust\u00edn Pecantet.<\/p>\n<p>Sol Parisi tuvo la gran satisfacci\u00f3n de obtener el subcamponato U20 en los 10k, Germ\u00e1n Eggel fue sugundo en su categor\u00eda en 16k, distancia en la que Luisa Haberkon fue cuarta en su categor\u00eda.<\/p>\n<p><img loading=\"lazy\" decoding=\"async\" class=\"alignnone size-full wp-image-56433\" src=\"https:\/\/todoapulmon-rafaela.com\/wp-content\/uploads\/2025\/05\/Champa-Guepard1-scaled.jpg\" alt=\"\" width=\"1920\" height=\"2560\" srcset=\"https:\/\/todoapulmon-rafaela.com\/wp-content\/uploads\/2025\/05\/Champa-Guepard1-scaled.jpg 1920w, https:\/\/todoapulmon-rafaela.com\/wp-content\/uploads\/2025\/05\/Champa-Guepard1-225x300.jpg 225w, https:\/\/todoapulmon-rafaela.com\/wp-content\/uploads\/2025\/05\/Champa-Guepard1-1125x1500.jpg 1125w, https:\/\/todoapulmon-rafaela.com\/wp-content\/uploads\/2025\/05\/Champa-Guepard1-1152x1536.jpg 1152w, https:\/\/todoapulmon-rafaela.com\/wp-content\/uploads\/2025\/05\/Champa-Guepard1-1536x2048.jpg 1536w\" sizes=\"(max-width: 1920px) 100vw, 1920px\" \/><\/p>\n<p>Pecantet compiti\u00f3 en el campeonato Nacional de Trail, sobre 42k, siendo el mejor rafaelino en llegar a la meta en el puesto 53.<\/p>\n<p><img loading=\"lazy\" decoding=\"async\" class=\"alignnone size-full wp-image-56434\" src=\"https:\/\/todoapulmon-rafaela.com\/wp-content\/uploads\/2025\/05\/Champa-Pecantet.jpg\" alt=\"\" width=\"899\" height=\"1599\" srcset=\"https:\/\/todoapulmon-rafaela.com\/wp-content\/uploads\/2025\/05\/Champa-Pecantet.jpg 899w, https:\/\/todoapulmon-rafaela.com\/wp-content\/uploads\/2025\/05\/Champa-Pecantet-169x300.jpg 169w, https:\/\/todoapulmon-rafaela.com\/wp-content\/uploads\/2025\/05\/Champa-Pecantet-843x1500.jpg 843w, https:\/\/todoapulmon-rafaela.com\/wp-content\/uploads\/2025\/05\/Champa-Pecantet-864x1536.jpg 864w\" sizes=\"(max-width: 899px) 100vw, 899px\" \/><\/p>\n<p>Estos fueron los resultados de la delegaci\u00f3n de Guepard:<\/p>\n<ul>\n<li>Sol Parisi 10k sub campeona (U20)<\/li>\n<li>Germ\u00e1n Eggel 16k segundo categor\u00eda.<\/li>\n<li>Luisa Haberkon 16k cuarta en su categor\u00eda.<\/li>\n<li>Marilina Alasia 10k quinta en su categor\u00eda.<\/li>\n<li>Agustin Pecantet 42k campeonato nacional trail (mejor rafaelino en llegar a meta, puesto 53 del campeonato).<\/li>\n<li>Mari Ponce 24k (mejor rafaelina en llegar a la meta, puesto 50).<\/li>\n<li>Nacho Espinoza 24k (mejor rafelino en llegara la meta, puesto 54).<\/li>\n<\/ul>\n<p>Adem\u00e1s, compitieron:<\/p>\n<p>Luis Pacheco 30k (253)<br \/>\nDante Marchisio 30k (143)<br \/>\nMagal\u00ed Argentero 30k (192)<br \/>\nGerm\u00e1n Rodriguez 30k (151)<br \/>\nSergio Parisi 30k (301)<br \/>\nNicol\u00e1s Schaberger 30k (284)<\/p>\n<p><img loading=\"lazy\" decoding=\"async\" class=\"alignnone size-full wp-image-56435\" src=\"https:\/\/todoapulmon-rafaela.com\/wp-content\/uploads\/2025\/05\/Champa-Guepard.jpg\" alt=\"\" width=\"585\" height=\"1040\" srcset=\"https:\/\/todoapulmon-rafaela.com\/wp-content\/uploads\/2025\/05\/Champa-Guepard.jpg 585w, https:\/\/todoapulmon-rafaela.com\/wp-content\/uploads\/2025\/05\/Champa-Guepard-169x300.jpg 169w\" sizes=\"(max-width: 585px) 100vw, 585px\" \/><\/p>\n<p>Yoa Heit 24k (259)<br \/>\nJuan Pucheta 24k (228)<\/p>\n<p>Gigi Eier 16k (394)<br \/>\nNatalia Muller 16k ( 296)<br \/>\nDiego Coniglio 16k (119)<br \/>\nNahuel Ramirez 16k (110)<br \/>\nJoa Molina 16k (181)<br \/>\nMariela Jara 16 (295)<br \/>\nJulieta Santagostino 16k (293)<br \/>\nLuisina Gim\u00e9nez 16k (101)<br \/>\nMicaela Peralta 16k (351)<br \/>\nFranco Iriarte 16k (231)<br \/>\nAntonela Parisi 16k (234)<br \/>\nElam Trulli 16k (42)<br \/>\nLautaro Falchini 16k (33)<br \/>\nVanina Campos 16k (344)<\/p>\n<p>Norma Rol\u00f3n 10k (112)<br \/>\nAna Costamagna 10k (101)<br \/>\nCarina Yaroz 10k (114)<br \/>\nCarina Druetta 10k (66).<\/p>\n","protected":false},"excerpt":{"rendered":"<p>El grupo Guepard Entrenamiento de nuestra ciudad tuvo una numerosa delegaci\u00f3n este fin de semana en la exigente y convocante<\/p>\n","protected":false},"author":2,"featured_media":56432,"comment_status":"closed","ping_status":"closed","sticky":false,"template":"","format":"standard","meta":{"footnotes":""},"categories":[7,24],"tags":[],"class_list":["post-56431","post","type-post","status-publish","format-standard","has-post-thumbnail","hentry","category-atletismo","category-noticias-destacadas"],"cc_featured_image_caption":{"caption_text":"","source_text":"","source_url":""},"_links":{"self":[{"href":"https:\/\/todoapulmon-rafaela.com\/index.php\/wp-json\/wp\/v2\/posts\/56431"}],"collection":[{"href":"https:\/\/todoapulmon-rafaela.com\/index.php\/wp-json\/wp\/v2\/posts"}],"about":[{"href":"https:\/\/todoapulmon-rafaela.com\/index.php\/wp-json\/wp\/v2\/types\/post"}],"author":[{"embeddable":true,"href":"https:\/\/todoapulmon-rafaela.com\/index.php\/wp-json\/wp\/v2\/users\/2"}],"replies":[{"embeddable":true,"href":"https:\/\/todoapulmon-rafaela.com\/index.php\/wp-json\/wp\/v2\/comments?post=56431"}],"version-history":[{"count":4,"href":"https:\/\/todoapulmon-rafaela.com\/index.php\/wp-json\/wp\/v2\/posts\/56431\/revisions"}],"predecessor-version":[{"id":56442,"href":"https:\/\/todoapulmon-rafaela.com\/index.php\/wp-json\/wp\/v2\/posts\/56431\/revisions\/56442"}],"wp:featuredmedia":[{"embeddable":true,"href":"https:\/\/todoapulmon-rafaela.com\/index.php\/wp-json\/wp\/v2\/media\/56432"}],"wp:attachment":[{"href":"https:\/\/todoapulmon-rafaela.com\/index.php\/wp-json\/wp\/v2\/media?parent=56431"}],"wp:term":[{"taxonomy":"category","embeddable":true,"href":"https:\/\/todoapulmon-rafaela.com\/index.php\/wp-json\/wp\/v2\/categories?post=56431"},{"taxonomy":"post_tag","embeddable":true,"href":"https:\/\/todoapulmon-rafaela.com\/index.php\/wp-json\/wp\/v2\/tags?post=56431"}],"curies":[{"name":"wp","href":"https:\/\/api.w.org\/{rel}","templated":true}]}}