{"id":56399,"date":"2025-05-08T11:35:16","date_gmt":"2025-05-08T11:35:16","guid":{"rendered":"https:\/\/todoapulmon-rafaela.com\/?p=56399"},"modified":"2025-05-08T11:40:12","modified_gmt":"2025-05-08T11:40:12","slug":"la-cada-informo-sobre-el-iberoamericano-u18-y-el-panamericano-junior","status":"publish","type":"post","link":"https:\/\/todoapulmon-rafaela.com\/index.php\/2025\/05\/08\/la-cada-informo-sobre-el-iberoamericano-u18-y-el-panamericano-junior\/","title":{"rendered":"La CADA inform\u00f3 sobre el Iberoamericano U18 y el Panamericano Junior"},"content":{"rendered":"<p>En sus \u00faltimos boletines oficiales, la Confederaci\u00f3n Argentina de Atletismo brind\u00f3 precisiones sobre dos de los eventos internacionales que quedan a nivel continental en los pr\u00f3ximos meses.<\/p>\n<p>El Iberoamericano U18 y el Panamericano Junior se llevar\u00e1n a cabo en Asunci\u00f3n, Paraguay, en el centro Nacional de Atletismo del Parque Ol\u00edmpico. El primero de los torneos ser\u00e1 los d\u00edas 19 y 20 de julio.<\/p>\n<p>Para el primero de los torneos, el Nacional U18 ser\u00e1 considerado el evento principal para revalidar el estado de forma del atleta. Dicho Nacional se realizar\u00e1 los d\u00edas 24 y 25 de mayo en Mar del Plata.<\/p>\n<p>Tomando como referencia que el a\u00f1o pasado participaron del Sudamericano en San Luis, en esa categor\u00eda, las rafaelinas Sof\u00eda Fregona y Leonela L\u00f3pez intentar\u00e1n acceder a las marcas referenciales, o al menos en lo m\u00e1s cercano posible, para tener una nueva incursi\u00f3n internacional.<\/p>\n<p>La marca referencial requerida en 5.000 metros marcha es de 26 minutos, mientras que en 2.000 metros con obst\u00e1culos es de 7m 14s.<\/p>\n<p>Las dos atletas competir\u00e1n el venidero fin de semana en la Copa Nacional U20, L\u00f3pez en 5.000 metros de la marcha y Fregona en 3.000 metros con obst\u00e1culos.<\/p>\n<p><strong>PANAMERICANO JUNIOR<\/strong><\/p>\n<p>La CADA, de acuerdo al ordenamiento del Ranking Panamericano, ha confirmado a doce atletas en trece pruebas que se encuentran dentro de los cupos de admisi\u00f3n para los JUEGOS DEPORTIVOS PANAMERICANOS JUNIORS ASUNCI\u00d3N 2025, que abarca hasta la categor\u00eda U23.<br \/>\nAdem\u00e1s, se ha nominado en la lista de espera de cupos (repesca) por bajas a otros dieciocho atletas.<\/p>\n<p>De acuerdo a la Asociaci\u00f3n Panamericana, est\u00e1 confirmados:<\/p>\n<p>. El mediofondista Uriel Mu\u00f1oz, aunque en 10.000 metros (viene de competir en la Liga Universitaria de Puerto Rico).<\/p>\n<p>. Isabel Conde de Frankenberg (actualmente en la Universidad de Oregon)<\/p>\n<p>. Helen Bernard Stilling en 100 metros con vallas.<\/p>\n<p>. Bruno Agust\u00edn De Genaro en 400 metros con vallas (viene de obtener la prueba en el torneo Orlando Guaita<\/p>\n<p>. Tom\u00e1s Olivera en lanzamiento del martillo.<\/p>\n<p>. Juan Manuel Arri\u00e9guez en lanzamiento de bala<\/p>\n<p>. Luciana G\u00f3mez Iriondo en salto con garrocha (actualmente en la Florida International University)<\/p>\n<p>. Carolina Scarponi en salto con garrocha<\/p>\n<p>. Agust\u00edn Carril en salto con garrocha<\/p>\n<p>. Nazareno Helber Melgarejo en salto triple<\/p>\n<p>. Lautaro Vouilloz en lanzamiento del martillo<\/p>\n<p>. Renata Godoy en heptathlon.<\/p>\n","protected":false},"excerpt":{"rendered":"<p>En sus \u00faltimos boletines oficiales, la Confederaci\u00f3n Argentina de Atletismo brind\u00f3 precisiones sobre dos de los eventos internacionales que quedan<\/p>\n","protected":false},"author":2,"featured_media":56407,"comment_status":"closed","ping_status":"closed","sticky":false,"template":"","format":"standard","meta":{"footnotes":""},"categories":[7,24],"tags":[],"class_list":["post-56399","post","type-post","status-publish","format-standard","has-post-thumbnail","hentry","category-atletismo","category-noticias-destacadas"],"cc_featured_image_caption":{"caption_text":"Sof\u00eda Fregona y Leonela L\u00f3pez, luego del Sudamericano del a\u00f1o pasado podr\u00edan tener una nueva chance internacional.","source_text":"","source_url":""},"_links":{"self":[{"href":"https:\/\/todoapulmon-rafaela.com\/index.php\/wp-json\/wp\/v2\/posts\/56399"}],"collection":[{"href":"https:\/\/todoapulmon-rafaela.com\/index.php\/wp-json\/wp\/v2\/posts"}],"about":[{"href":"https:\/\/todoapulmon-rafaela.com\/index.php\/wp-json\/wp\/v2\/types\/post"}],"author":[{"embeddable":true,"href":"https:\/\/todoapulmon-rafaela.com\/index.php\/wp-json\/wp\/v2\/users\/2"}],"replies":[{"embeddable":true,"href":"https:\/\/todoapulmon-rafaela.com\/index.php\/wp-json\/wp\/v2\/comments?post=56399"}],"version-history":[{"count":6,"href":"https:\/\/todoapulmon-rafaela.com\/index.php\/wp-json\/wp\/v2\/posts\/56399\/revisions"}],"predecessor-version":[{"id":56452,"href":"https:\/\/todoapulmon-rafaela.com\/index.php\/wp-json\/wp\/v2\/posts\/56399\/revisions\/56452"}],"wp:featuredmedia":[{"embeddable":true,"href":"https:\/\/todoapulmon-rafaela.com\/index.php\/wp-json\/wp\/v2\/media\/56407"}],"wp:attachment":[{"href":"https:\/\/todoapulmon-rafaela.com\/index.php\/wp-json\/wp\/v2\/media?parent=56399"}],"wp:term":[{"taxonomy":"category","embeddable":true,"href":"https:\/\/todoapulmon-rafaela.com\/index.php\/wp-json\/wp\/v2\/categories?post=56399"},{"taxonomy":"post_tag","embeddable":true,"href":"https:\/\/todoapulmon-rafaela.com\/index.php\/wp-json\/wp\/v2\/tags?post=56399"}],"curies":[{"name":"wp","href":"https:\/\/api.w.org\/{rel}","templated":true}]}}