{"id":56349,"date":"2025-05-05T14:08:45","date_gmt":"2025-05-05T14:08:45","guid":{"rendered":"https:\/\/todoapulmon-rafaela.com\/?p=56349"},"modified":"2025-05-05T14:08:45","modified_gmt":"2025-05-05T14:08:45","slug":"fernando-correa-tuvo-meritoria-performance-en-la-maraton-de-praga","status":"publish","type":"post","link":"https:\/\/todoapulmon-rafaela.com\/index.php\/2025\/05\/05\/fernando-correa-tuvo-meritoria-performance-en-la-maraton-de-praga\/","title":{"rendered":"Fernando Correa tuvo meritoria performance en la Marat\u00f3n de Praga"},"content":{"rendered":"<p>En una de las maratones m\u00e1s emblem\u00e1ticas y tradicionales de Europa, Fernando Correa cumpli\u00f3 el sue\u00f1o de correr la Marat\u00f3n de Praga 2025 en la Rep\u00fablica Checa.<\/p>\n<p>El representante de Runnea super\u00f3 los 42 kil\u00f3metros en un tiempo de 4 horas, 55 minutos y 2 segundos, enfrentando un recorrido exigente y t\u00e9cnico.<br \/>\nLa participaci\u00f3n de Fernando en esta prestigiosa prueba demuestra su esp\u00edritu de superaci\u00f3n y el trabajo constante que lo llev\u00f3 a completar este desaf\u00edo internacional.<\/p>\n<p><strong>YAMILA SENN EN MENDOZA<\/strong><\/p>\n<p>La corredora Yamila Senn, tambi\u00e9n representante de Runnea, brill\u00f3 en la Media Marat\u00f3n de Mendoza, uno de los eventos m\u00e1s convocantes del calendario argentino. Yamila cruz\u00f3 la meta de los 21 kil\u00f3metros en 1 hora, 38 minutos y 2 segundos, obteniendo el 9\u00ba puesto en su categor\u00eda.<\/p>\n<p><img loading=\"lazy\" decoding=\"async\" class=\"alignnone size-full wp-image-56351\" src=\"https:\/\/todoapulmon-rafaela.com\/wp-content\/uploads\/2025\/05\/IMG-20250505-WA0009.jpg\" alt=\"\" width=\"720\" height=\"1280\" srcset=\"https:\/\/todoapulmon-rafaela.com\/wp-content\/uploads\/2025\/05\/IMG-20250505-WA0009.jpg 720w, https:\/\/todoapulmon-rafaela.com\/wp-content\/uploads\/2025\/05\/IMG-20250505-WA0009-169x300.jpg 169w\" sizes=\"(max-width: 720px) 100vw, 720px\" \/><br \/>\nEste resultado representa su mejor marca personal en esta distancia, coronando meses de esfuerzo, entrenamientos intensos y crecimiento deportivo.<\/p>\n","protected":false},"excerpt":{"rendered":"<p>En una de las maratones m\u00e1s emblem\u00e1ticas y tradicionales de Europa, Fernando Correa cumpli\u00f3 el sue\u00f1o de correr la Marat\u00f3n<\/p>\n","protected":false},"author":2,"featured_media":56350,"comment_status":"closed","ping_status":"closed","sticky":false,"template":"","format":"standard","meta":{"footnotes":""},"categories":[7,24],"tags":[],"class_list":["post-56349","post","type-post","status-publish","format-standard","has-post-thumbnail","hentry","category-atletismo","category-noticias-destacadas"],"cc_featured_image_caption":{"caption_text":"","source_text":"","source_url":""},"_links":{"self":[{"href":"https:\/\/todoapulmon-rafaela.com\/index.php\/wp-json\/wp\/v2\/posts\/56349"}],"collection":[{"href":"https:\/\/todoapulmon-rafaela.com\/index.php\/wp-json\/wp\/v2\/posts"}],"about":[{"href":"https:\/\/todoapulmon-rafaela.com\/index.php\/wp-json\/wp\/v2\/types\/post"}],"author":[{"embeddable":true,"href":"https:\/\/todoapulmon-rafaela.com\/index.php\/wp-json\/wp\/v2\/users\/2"}],"replies":[{"embeddable":true,"href":"https:\/\/todoapulmon-rafaela.com\/index.php\/wp-json\/wp\/v2\/comments?post=56349"}],"version-history":[{"count":1,"href":"https:\/\/todoapulmon-rafaela.com\/index.php\/wp-json\/wp\/v2\/posts\/56349\/revisions"}],"predecessor-version":[{"id":56352,"href":"https:\/\/todoapulmon-rafaela.com\/index.php\/wp-json\/wp\/v2\/posts\/56349\/revisions\/56352"}],"wp:featuredmedia":[{"embeddable":true,"href":"https:\/\/todoapulmon-rafaela.com\/index.php\/wp-json\/wp\/v2\/media\/56350"}],"wp:attachment":[{"href":"https:\/\/todoapulmon-rafaela.com\/index.php\/wp-json\/wp\/v2\/media?parent=56349"}],"wp:term":[{"taxonomy":"category","embeddable":true,"href":"https:\/\/todoapulmon-rafaela.com\/index.php\/wp-json\/wp\/v2\/categories?post=56349"},{"taxonomy":"post_tag","embeddable":true,"href":"https:\/\/todoapulmon-rafaela.com\/index.php\/wp-json\/wp\/v2\/tags?post=56349"}],"curies":[{"name":"wp","href":"https:\/\/api.w.org\/{rel}","templated":true}]}}