{"id":56273,"date":"2025-05-03T17:25:52","date_gmt":"2025-05-03T17:25:52","guid":{"rendered":"https:\/\/todoapulmon-rafaela.com\/?p=56273"},"modified":"2025-05-03T17:27:22","modified_gmt":"2025-05-03T17:27:22","slug":"se-realizara-una-santa-fe-coronda-para-aficionados","status":"publish","type":"post","link":"https:\/\/todoapulmon-rafaela.com\/index.php\/2025\/05\/03\/se-realizara-una-santa-fe-coronda-para-aficionados\/","title":{"rendered":"Se realizar\u00e1 una Santa Fe-Coronda para aficionados"},"content":{"rendered":"<p>Empieza a tomar forma la primera edici\u00f3n de la Marat\u00f3n Santa Fe-Coronda de Aficionados. Se llevar\u00e1 a cabo el 6 de diciembre pr\u00f3ximo y tendr\u00e1 una distancia de 58 kil\u00f3metros, organizada por el ente oficial de la competencia profesional.<\/p>\n<p>Por un lado, la inscripci\u00f3n para los amateurs se har\u00e1 entre el 1 y el 30 de junio de 2025 de cara a la prueba que se har\u00e1 \u2013en principio- el 6 de diciembre. Los interesados en anotarse podr\u00e1n hacerlo en la web https:\/\/www.santafecoronda.com.ar\/aficionados.html, pero estar\u00e1 a disposici\u00f3n reci\u00e9n a partir del sexto mes del a\u00f1o ya que si bien ya all\u00ed figuran datos de c\u00f3mo ser\u00e1 la competencia, todav\u00eda no est\u00e1 agregado el bot\u00f3n de inscripci\u00f3n.<\/p>\n<p>En ambas categor\u00edas, como pasa en la marat\u00f3n oficial, deber\u00e1n contar con una embarcaci\u00f3n de apoyo a motor durante toda la prueba. La carrera unir\u00e1 las costaneras de Santa Fe y Coronda y no pasar\u00e1 por el famoso vado. Los nadadores deber\u00e1n tener como m\u00ednimo 16 a\u00f1os de edad al momento de la realizaci\u00f3n de la carrera, y toda inquietud sobre la reglamentaci\u00f3n u otro detalle de la competencia ya puede ser observada en la mencionada web.<\/p>\n<p><img loading=\"lazy\" decoding=\"async\" class=\"alignnone size-full wp-image-56275\" src=\"https:\/\/todoapulmon-rafaela.com\/wp-content\/uploads\/2025\/05\/Flyer-Santa-Fe-Coronda1.jpg\" alt=\"\" width=\"1080\" height=\"1350\" srcset=\"https:\/\/todoapulmon-rafaela.com\/wp-content\/uploads\/2025\/05\/Flyer-Santa-Fe-Coronda1.jpg 1080w, https:\/\/todoapulmon-rafaela.com\/wp-content\/uploads\/2025\/05\/Flyer-Santa-Fe-Coronda1-240x300.jpg 240w\" sizes=\"(max-width: 1080px) 100vw, 1080px\" \/><\/p>\n<div id=\"ad-slot-videobanner_desk_pos_2\" class=\"ad-slot-inread ad-slot\" data-adtype=\"inread\" data-google-query-id=\"CPzvudnmh40DFQlOuAQd6codgg\">\n<div id=\"google_ads_iframe_\/21912588402\/unosantafe\/notas_videobanner_desk_1__container__\">Adem\u00e1s, uno de los requisitos que se ha adoptado es el de que el participante en la carrera deber\u00e1 tener cierta experiencia en carreras de largo aliento. Para eso, una de las condiciones ser\u00e1 demostrar haber completado en los \u00faltimos dos a\u00f1os, una prueba de cuatro horas como m\u00ednimo, presentando la certificaci\u00f3n correspondiente expedida por la Organizaci\u00f3n que tuvo a su cargo la realizaci\u00f3n del evento.<\/div>\n<\/div>\n<p>Si no re\u00fane ese requisito habr\u00e1 otra oportunidad: participar de una pre marat\u00f3n de 4 horas de duraci\u00f3n \u2013parecida al Selectivo oficial- que tendr\u00e1 lugar el 11 de octubre. En ambos casos la idea de la organizaci\u00f3n es que el nadador pueda resistir una exigencia atl\u00e9tica de tal magnitud.<\/p>\n<p>Tambi\u00e9n est\u00e1 prevista una prueba por equipos, de cuatro integrantes.<\/p>\n<p>Con informaci\u00f3n de Diario UNO Santa Fe.<\/p>\n","protected":false},"excerpt":{"rendered":"<p>Empieza a tomar forma la primera edici\u00f3n de la Marat\u00f3n Santa Fe-Coronda de Aficionados. Se llevar\u00e1 a cabo el 6<\/p>\n","protected":false},"author":2,"featured_media":56274,"comment_status":"closed","ping_status":"closed","sticky":false,"template":"","format":"standard","meta":{"footnotes":""},"categories":[26,24],"tags":[],"class_list":["post-56273","post","type-post","status-publish","format-standard","has-post-thumbnail","hentry","category-natacion","category-noticias-destacadas"],"cc_featured_image_caption":{"caption_text":"","source_text":"","source_url":""},"_links":{"self":[{"href":"https:\/\/todoapulmon-rafaela.com\/index.php\/wp-json\/wp\/v2\/posts\/56273"}],"collection":[{"href":"https:\/\/todoapulmon-rafaela.com\/index.php\/wp-json\/wp\/v2\/posts"}],"about":[{"href":"https:\/\/todoapulmon-rafaela.com\/index.php\/wp-json\/wp\/v2\/types\/post"}],"author":[{"embeddable":true,"href":"https:\/\/todoapulmon-rafaela.com\/index.php\/wp-json\/wp\/v2\/users\/2"}],"replies":[{"embeddable":true,"href":"https:\/\/todoapulmon-rafaela.com\/index.php\/wp-json\/wp\/v2\/comments?post=56273"}],"version-history":[{"count":2,"href":"https:\/\/todoapulmon-rafaela.com\/index.php\/wp-json\/wp\/v2\/posts\/56273\/revisions"}],"predecessor-version":[{"id":56277,"href":"https:\/\/todoapulmon-rafaela.com\/index.php\/wp-json\/wp\/v2\/posts\/56273\/revisions\/56277"}],"wp:featuredmedia":[{"embeddable":true,"href":"https:\/\/todoapulmon-rafaela.com\/index.php\/wp-json\/wp\/v2\/media\/56274"}],"wp:attachment":[{"href":"https:\/\/todoapulmon-rafaela.com\/index.php\/wp-json\/wp\/v2\/media?parent=56273"}],"wp:term":[{"taxonomy":"category","embeddable":true,"href":"https:\/\/todoapulmon-rafaela.com\/index.php\/wp-json\/wp\/v2\/categories?post=56273"},{"taxonomy":"post_tag","embeddable":true,"href":"https:\/\/todoapulmon-rafaela.com\/index.php\/wp-json\/wp\/v2\/tags?post=56273"}],"curies":[{"name":"wp","href":"https:\/\/api.w.org\/{rel}","templated":true}]}}