{"id":56249,"date":"2025-05-02T20:50:25","date_gmt":"2025-05-02T20:50:25","guid":{"rendered":"https:\/\/todoapulmon-rafaela.com\/?p=56249"},"modified":"2025-05-02T20:50:25","modified_gmt":"2025-05-02T20:50:25","slug":"virginia-milanesio-gano-el-half-triatlon-en-termas-de-rio-hondo","status":"publish","type":"post","link":"https:\/\/todoapulmon-rafaela.com\/index.php\/2025\/05\/02\/virginia-milanesio-gano-el-half-triatlon-en-termas-de-rio-hondo\/","title":{"rendered":"Virginia Milanesio gan\u00f3 el Half Triatl\u00f3n en Termas de R\u00edo Hondo"},"content":{"rendered":"<p>Con m\u00e1s de 300 atletas en Half, Sprint y Elite se realiz\u00f3 el s\u00e1bado 26 de abril el Triatl\u00f3n Termas 2025 en Santiago del Estero.<\/p>\n<p>La rafaelina Virginia Milanesio se qued\u00f3 con el primer puesto de la clasificaci\u00f3n general femenina del Half, exigente prueba consistente en 1.900 metros de nataci\u00f3n; 90 kil\u00f3metros de ciclismo y 21 kil\u00f3metros de pedestrismo, consiguiendo una excelente performance.<\/p>\n<p><img loading=\"lazy\" decoding=\"async\" class=\"alignnone size-full wp-image-56251\" src=\"https:\/\/todoapulmon-rafaela.com\/wp-content\/uploads\/2025\/05\/Milanesio-Termas2.jpg\" alt=\"\" width=\"1059\" height=\"728\" srcset=\"https:\/\/todoapulmon-rafaela.com\/wp-content\/uploads\/2025\/05\/Milanesio-Termas2.jpg 1059w, https:\/\/todoapulmon-rafaela.com\/wp-content\/uploads\/2025\/05\/Milanesio-Termas2-300x206.jpg 300w, https:\/\/todoapulmon-rafaela.com\/wp-content\/uploads\/2025\/05\/Milanesio-Termas2-130x90.jpg 130w\" sizes=\"(max-width: 1059px) 100vw, 1059px\" \/><\/p>\n<p>El tiempo empleado fue de 5h 00m 52s, quedando segunda Ana Laura Daniele (Santiago del Estero), tercera Mar\u00eda Bel\u00e9n Santill\u00e1n (Catamarca), cuarta Sof\u00eda de la Vega (La Rioja) y quinta Luciana Mercado (Tucum\u00e1n), en los primeros puestos.<\/p>\n<p>El ganador en la rama masculina de esta final fue el tucumano Alejandro Bulacio, que cronometr\u00f3 3h,55m,25s.<\/p>\n<p>La etapa de nataci\u00f3n de la competencia se desarroll\u00f3 en elDique Frontal, mientras que las instancias de ciclismo y la carrera pedestre se llevaron a cabo en el Aut\u00f3dromo Internacional.<\/p>\n","protected":false},"excerpt":{"rendered":"<p>Con m\u00e1s de 300 atletas en Half, Sprint y Elite se realiz\u00f3 el s\u00e1bado 26 de abril el Triatl\u00f3n Termas<\/p>\n","protected":false},"author":2,"featured_media":56250,"comment_status":"closed","ping_status":"closed","sticky":false,"template":"","format":"standard","meta":{"footnotes":""},"categories":[24,28],"tags":[109],"class_list":["post-56249","post","type-post","status-publish","format-standard","has-post-thumbnail","hentry","category-noticias-destacadas","category-triatlon","tag-virginia-milanesio"],"cc_featured_image_caption":{"caption_text":"","source_text":"","source_url":""},"_links":{"self":[{"href":"https:\/\/todoapulmon-rafaela.com\/index.php\/wp-json\/wp\/v2\/posts\/56249"}],"collection":[{"href":"https:\/\/todoapulmon-rafaela.com\/index.php\/wp-json\/wp\/v2\/posts"}],"about":[{"href":"https:\/\/todoapulmon-rafaela.com\/index.php\/wp-json\/wp\/v2\/types\/post"}],"author":[{"embeddable":true,"href":"https:\/\/todoapulmon-rafaela.com\/index.php\/wp-json\/wp\/v2\/users\/2"}],"replies":[{"embeddable":true,"href":"https:\/\/todoapulmon-rafaela.com\/index.php\/wp-json\/wp\/v2\/comments?post=56249"}],"version-history":[{"count":1,"href":"https:\/\/todoapulmon-rafaela.com\/index.php\/wp-json\/wp\/v2\/posts\/56249\/revisions"}],"predecessor-version":[{"id":56252,"href":"https:\/\/todoapulmon-rafaela.com\/index.php\/wp-json\/wp\/v2\/posts\/56249\/revisions\/56252"}],"wp:featuredmedia":[{"embeddable":true,"href":"https:\/\/todoapulmon-rafaela.com\/index.php\/wp-json\/wp\/v2\/media\/56250"}],"wp:attachment":[{"href":"https:\/\/todoapulmon-rafaela.com\/index.php\/wp-json\/wp\/v2\/media?parent=56249"}],"wp:term":[{"taxonomy":"category","embeddable":true,"href":"https:\/\/todoapulmon-rafaela.com\/index.php\/wp-json\/wp\/v2\/categories?post=56249"},{"taxonomy":"post_tag","embeddable":true,"href":"https:\/\/todoapulmon-rafaela.com\/index.php\/wp-json\/wp\/v2\/tags?post=56249"}],"curies":[{"name":"wp","href":"https:\/\/api.w.org\/{rel}","templated":true}]}}