{"id":56158,"date":"2025-04-29T18:16:15","date_gmt":"2025-04-29T18:16:15","guid":{"rendered":"https:\/\/todoapulmon-rafaela.com\/?p=56158"},"modified":"2025-04-29T18:16:15","modified_gmt":"2025-04-29T18:16:15","slug":"meli-gretter-y-cande-gentinetta-en-la-primera-concentracion-rumbo-a-la-americup","status":"publish","type":"post","link":"https:\/\/todoapulmon-rafaela.com\/index.php\/2025\/04\/29\/meli-gretter-y-cande-gentinetta-en-la-primera-concentracion-rumbo-a-la-americup\/","title":{"rendered":"Meli Gretter y Cande Gentinetta en la primera concentraci\u00f3n rumbo a la AmeriCup"},"content":{"rendered":"<p>Con el foco puesto en la pr\u00f3xima AmeriCup de Mayores, la Confederaci\u00f3n Argentina de B\u00e1squetbol confirm\u00f3 el listado de jugadoras para la concentraci\u00f3n del 2 de junio en la Ciudad de Buenos Aires.<\/p>\n<p>Como en los \u00faltimos a\u00f1os, estar\u00e1n para este proceso dos rafaelinas: Melisa Gretter y Candela Gentinetta.<\/p>\n<p>La etapa de preparaci\u00f3n se extender\u00e1 hasta el 26 del mismo mes, con jornadas de entrenamientos en doble turno.<\/p>\n<p>Ser\u00e1n un total de 16 jugadoras y de 2 juveniles invitadas. La n\u00f3mina mantiene la base completa que gan\u00f3 el hist\u00f3rico t\u00edtulo en el Campeonato Sudamericano de Chile 2024, con la continuidad de Melisa Gretter como capitana, acompa\u00f1ada por Agostina Burani, Amaiquen Siciliano, Candela Gentinetta, Diana Cabrera, Delfina Saravia, Florencia Chagas, Florencia Mart\u00ednez, Gisel Botta, Julieta Mungo, Macarena D&#8217;Urso y Victoria Gauna. A ellas se suman Andrea Boquete, Julia Fern\u00e1ndez, Karla Sarit y Luciana Delabarba.<\/p>\n<p>En l\u00ednea con la estrategia institucional de fortalecimiento de las bases, se sumar\u00e1n a esta etapa Sol Depetris y Nerea Lagowski como juveniles invitadas, consolidando el compromiso con la formaci\u00f3n y el crecimiento integral de las nuevas generaciones.<\/p>\n<p>La conducci\u00f3n t\u00e9cnica continuar\u00e1 bajo la direcci\u00f3n de Gregorio Mart\u00ednez, quien afrontar\u00e1 su quinto a\u00f1o como Head Coach del seleccionado. Lo acompa\u00f1ar\u00e1n Javier Ielmini, Paula Budini, Mariano Marcos y Nicol\u00e1s Grosso como asistentes, mientras que la preparaci\u00f3n f\u00edsica estar\u00e1 a cargo de Marcelo L\u00f3pez y de Yonathan Rodr\u00edguez.<\/p>\n<p>La AmeriCup 2025 se celebrar\u00e1 del 28 de junio al 6 de julio en el Centro de Deportes Colectivos de Santiago de Chile. Argentina integrar\u00e1 el Grupo A junto a Rep\u00fablica Dominicana, Canad\u00e1, El Salvador y Brasil. El Grupo B estar\u00e1 conformado por M\u00e9xico, Colombia, Estados Unidos, Chile y Puerto Rico. Al concluir la competici\u00f3n, los primeros seis acceder\u00e1n a los Torneos Clasificatorios para la Copa del Mundo de 2026 en Berl\u00edn, Alemania.<\/p>\n<p><strong>PRESELECCI\u00d3N ARGENTINA<\/strong><br \/>\n1 &#8211; Agostina Burani<br \/>\n2 &#8211; Melisa Gretter<br \/>\n3 &#8211; Amaiquen Siciliano<br \/>\n4 &#8211; Diana Cabrera<br \/>\n5 &#8211; Gisel Botta<br \/>\n6 &#8211; Macarena D\u00b4Urso<br \/>\n7 &#8211; Victoria Gauna<br \/>\n8 &#8211; Julieta Mungo<br \/>\n9 &#8211; Andrea Boquete<br \/>\n10 &#8211; Candela Gentinetta<br \/>\n11 &#8211; Florencia Chagas<br \/>\n12 &#8211; Florencia Martinez<br \/>\n13 &#8211; Delfina Saravia<br \/>\n14 &#8211; Luciana Delabarba<br \/>\n15 &#8211; Julia Fern\u00e1ndez<br \/>\n16 &#8211; Karla Sarit<\/p>\n<p><strong>Invitadas<\/strong><br \/>\n*Sol Depetris<br \/>\n*Nerea Lagowski.<\/p>\n<p>Fuente: prensa CAB.<\/p>\n","protected":false},"excerpt":{"rendered":"<p>Con el foco puesto en la pr\u00f3xima AmeriCup de Mayores, la Confederaci\u00f3n Argentina de B\u00e1squetbol confirm\u00f3 el listado de jugadoras<\/p>\n","protected":false},"author":2,"featured_media":49505,"comment_status":"closed","ping_status":"closed","sticky":false,"template":"","format":"standard","meta":{"footnotes":""},"categories":[5,24],"tags":[],"class_list":["post-56158","post","type-post","status-publish","format-standard","has-post-thumbnail","hentry","category-basquet","category-noticias-destacadas"],"cc_featured_image_caption":{"caption_text":"Las campeonas Sudamericanas con Gentinetta (13) y Gretter (11) tendr\u00e1n otro gran desaf\u00edo.","source_text":"","source_url":""},"_links":{"self":[{"href":"https:\/\/todoapulmon-rafaela.com\/index.php\/wp-json\/wp\/v2\/posts\/56158"}],"collection":[{"href":"https:\/\/todoapulmon-rafaela.com\/index.php\/wp-json\/wp\/v2\/posts"}],"about":[{"href":"https:\/\/todoapulmon-rafaela.com\/index.php\/wp-json\/wp\/v2\/types\/post"}],"author":[{"embeddable":true,"href":"https:\/\/todoapulmon-rafaela.com\/index.php\/wp-json\/wp\/v2\/users\/2"}],"replies":[{"embeddable":true,"href":"https:\/\/todoapulmon-rafaela.com\/index.php\/wp-json\/wp\/v2\/comments?post=56158"}],"version-history":[{"count":1,"href":"https:\/\/todoapulmon-rafaela.com\/index.php\/wp-json\/wp\/v2\/posts\/56158\/revisions"}],"predecessor-version":[{"id":56159,"href":"https:\/\/todoapulmon-rafaela.com\/index.php\/wp-json\/wp\/v2\/posts\/56158\/revisions\/56159"}],"wp:featuredmedia":[{"embeddable":true,"href":"https:\/\/todoapulmon-rafaela.com\/index.php\/wp-json\/wp\/v2\/media\/49505"}],"wp:attachment":[{"href":"https:\/\/todoapulmon-rafaela.com\/index.php\/wp-json\/wp\/v2\/media?parent=56158"}],"wp:term":[{"taxonomy":"category","embeddable":true,"href":"https:\/\/todoapulmon-rafaela.com\/index.php\/wp-json\/wp\/v2\/categories?post=56158"},{"taxonomy":"post_tag","embeddable":true,"href":"https:\/\/todoapulmon-rafaela.com\/index.php\/wp-json\/wp\/v2\/tags?post=56158"}],"curies":[{"name":"wp","href":"https:\/\/api.w.org\/{rel}","templated":true}]}}