{"id":56099,"date":"2025-04-28T10:56:58","date_gmt":"2025-04-28T10:56:58","guid":{"rendered":"https:\/\/todoapulmon-rafaela.com\/?p=56099"},"modified":"2025-04-28T11:11:34","modified_gmt":"2025-04-28T11:11:34","slug":"sergio-peretti-fue-segundo-en-lima-y-clasifico-al-mundial","status":"publish","type":"post","link":"https:\/\/todoapulmon-rafaela.com\/index.php\/2025\/04\/28\/sergio-peretti-fue-segundo-en-lima-y-clasifico-al-mundial\/","title":{"rendered":"Sergio Peretti fue segundo en Lima y clasific\u00f3 al Mundial"},"content":{"rendered":"<p>Este domingo se desarroll\u00f3 una nueva edici\u00f3n del Ironman 70.3 en Lima, Per\u00fa, donde tuvo una gran performance y satisfacci\u00f3n el rafaelino <strong>Sergio Peretti.<\/strong><\/p>\n<p>El triatleta de nuestra ciudad consigui\u00f3 la clasificaci\u00f3n para el Mundial de Marbella, previsto para los d\u00edas 8 y 9 de noviembre en esta ciudad de Espa\u00f1a en la disciplina de <span data-huuid=\"5600418438971797946\"><mark class=\"QVRyCf\">1,9 km de nataci\u00f3n, 90 km de ciclismo y 21,1 km de carrera a pie<\/mark>.\u00a0<\/span><\/p>\n<p>En la capital peruana, Peretti cronometr\u00f3 5h 19m 38s, quedando en el segundo puesto de la categor\u00eda 60-64 que tuvo trece protagonistas y en el puesto 249 de la general masculina entre 713 participantes.<\/p>\n<p><img loading=\"lazy\" decoding=\"async\" class=\"alignnone size-full wp-image-56100\" src=\"https:\/\/todoapulmon-rafaela.com\/wp-content\/uploads\/2025\/04\/Peretti-podio-Lima.jpg\" alt=\"\" width=\"1200\" height=\"1600\" srcset=\"https:\/\/todoapulmon-rafaela.com\/wp-content\/uploads\/2025\/04\/Peretti-podio-Lima.jpg 1200w, https:\/\/todoapulmon-rafaela.com\/wp-content\/uploads\/2025\/04\/Peretti-podio-Lima-225x300.jpg 225w, https:\/\/todoapulmon-rafaela.com\/wp-content\/uploads\/2025\/04\/Peretti-podio-Lima-1125x1500.jpg 1125w, https:\/\/todoapulmon-rafaela.com\/wp-content\/uploads\/2025\/04\/Peretti-podio-Lima-1152x1536.jpg 1152w\" sizes=\"(max-width: 1200px) 100vw, 1200px\" \/><\/p>\n<p>Sus parciales fueron de 37m 46s en nataci\u00f3n, 2h 33m 12s en ciclismo y 2h 01m 44s en pedestrismo.<\/p>\n<p>Cabe recordar que ya hab\u00eda logrado clasificar al Mundial en eventos anteriores de esta modalidad, Catalina Ingaramo (Punta del Este) y Marcos Peretti (San Juan), en referencia a triatletas de nuestra ciudad.<\/p>\n","protected":false},"excerpt":{"rendered":"<p>Este domingo se desarroll\u00f3 una nueva edici\u00f3n del Ironman 70.3 en Lima, Per\u00fa, donde tuvo una gran performance y satisfacci\u00f3n<\/p>\n","protected":false},"author":2,"featured_media":56108,"comment_status":"closed","ping_status":"closed","sticky":false,"template":"","format":"standard","meta":{"footnotes":""},"categories":[24,28],"tags":[101],"class_list":["post-56099","post","type-post","status-publish","format-standard","has-post-thumbnail","hentry","category-noticias-destacadas","category-triatlon","tag-sergio-peretti"],"cc_featured_image_caption":{"caption_text":"","source_text":"","source_url":""},"_links":{"self":[{"href":"https:\/\/todoapulmon-rafaela.com\/index.php\/wp-json\/wp\/v2\/posts\/56099"}],"collection":[{"href":"https:\/\/todoapulmon-rafaela.com\/index.php\/wp-json\/wp\/v2\/posts"}],"about":[{"href":"https:\/\/todoapulmon-rafaela.com\/index.php\/wp-json\/wp\/v2\/types\/post"}],"author":[{"embeddable":true,"href":"https:\/\/todoapulmon-rafaela.com\/index.php\/wp-json\/wp\/v2\/users\/2"}],"replies":[{"embeddable":true,"href":"https:\/\/todoapulmon-rafaela.com\/index.php\/wp-json\/wp\/v2\/comments?post=56099"}],"version-history":[{"count":5,"href":"https:\/\/todoapulmon-rafaela.com\/index.php\/wp-json\/wp\/v2\/posts\/56099\/revisions"}],"predecessor-version":[{"id":56106,"href":"https:\/\/todoapulmon-rafaela.com\/index.php\/wp-json\/wp\/v2\/posts\/56099\/revisions\/56106"}],"wp:featuredmedia":[{"embeddable":true,"href":"https:\/\/todoapulmon-rafaela.com\/index.php\/wp-json\/wp\/v2\/media\/56108"}],"wp:attachment":[{"href":"https:\/\/todoapulmon-rafaela.com\/index.php\/wp-json\/wp\/v2\/media?parent=56099"}],"wp:term":[{"taxonomy":"category","embeddable":true,"href":"https:\/\/todoapulmon-rafaela.com\/index.php\/wp-json\/wp\/v2\/categories?post=56099"},{"taxonomy":"post_tag","embeddable":true,"href":"https:\/\/todoapulmon-rafaela.com\/index.php\/wp-json\/wp\/v2\/tags?post=56099"}],"curies":[{"name":"wp","href":"https:\/\/api.w.org\/{rel}","templated":true}]}}