{"id":56092,"date":"2025-04-28T02:37:06","date_gmt":"2025-04-28T02:37:06","guid":{"rendered":"https:\/\/todoapulmon-rafaela.com\/?p=56092"},"modified":"2025-04-28T09:56:02","modified_gmt":"2025-04-28T09:56:02","slug":"el-seleccionado-u21-de-la-arb-vencio-al-preseleccionado-u16-de-argentina","status":"publish","type":"post","link":"https:\/\/todoapulmon-rafaela.com\/index.php\/2025\/04\/28\/el-seleccionado-u21-de-la-arb-vencio-al-preseleccionado-u16-de-argentina\/","title":{"rendered":"El seleccionado U21 de la ARB venci\u00f3 al Preseleccionado U16 de Argentina"},"content":{"rendered":"<p>En una linda noche de b\u00e1squet en el Coliseo del Sur del Club Ben Hur, el seleccionado U21 de la Asociaci\u00f3n Rafaelina de B\u00e1squet se impuso al preseleccionado U16 de Argentina, por 93 a 88, en doble tiempo suplementario y obtuvo la Copa \u00abCiudad de Rafaela\u00bb puesta en juego en el partido amistoso.<\/p>\n<p>Los parciales fueron 9-27, 29-44 y 51-64. Al cabo de los 40 minutos igualaron en 69, en tanto que el primer suplementario tambi\u00e9n termin\u00f3 empatado en 78.<\/p>\n<p>Este encuentro marc\u00f3 el cierre de la concentraci\u00f3n de 11 d\u00edas del preseleccionado dirigido por Leonardo Guti\u00e9rrez, que integran los rafaelinos Gino Gramaglia y Benjam\u00edn Taborda. Tanto el benhurense como el juliense jugaron pocos minutos, sobre todo en el segundo cuarto.<\/p>\n<p><img loading=\"lazy\" decoding=\"async\" class=\"alignnone size-full wp-image-56094\" src=\"https:\/\/todoapulmon-rafaela.com\/wp-content\/uploads\/2025\/04\/P1540590_resultado.jpg\" alt=\"\" width=\"1600\" height=\"1200\" srcset=\"https:\/\/todoapulmon-rafaela.com\/wp-content\/uploads\/2025\/04\/P1540590_resultado.jpg 1600w, https:\/\/todoapulmon-rafaela.com\/wp-content\/uploads\/2025\/04\/P1540590_resultado-300x225.jpg 300w, https:\/\/todoapulmon-rafaela.com\/wp-content\/uploads\/2025\/04\/P1540590_resultado-1536x1152.jpg 1536w\" sizes=\"(max-width: 1600px) 100vw, 1600px\" \/><\/p>\n<p>El equipo de la ARB tuvo una gran reacci\u00f3n en el segundo tiempo, con buena defensa y apariciones interesantes en ofensivas, como las de Cantalejo, Manassero, Burguener y Calcabrini.<\/p>\n<p>Fue un encuentro que les sirvi\u00f3 a todos, a Guti\u00e9rrez para seguir viendo sus jugadores de cara al Premundial; para el elenco que dirigi\u00f3 Germ\u00e1n Schnidrig para armar una base de cara a un posible seleccionado en la categor\u00eda, y a la ARB para tener el mejor cierre de un intercambio con la CAB que seguramente seguir\u00e1 dando beneficios.<\/p>\n<p><img loading=\"lazy\" decoding=\"async\" class=\"alignnone size-full wp-image-56095\" src=\"https:\/\/todoapulmon-rafaela.com\/wp-content\/uploads\/2025\/04\/20250427_222507-scaled.jpg\" alt=\"\" width=\"2560\" height=\"1920\" srcset=\"https:\/\/todoapulmon-rafaela.com\/wp-content\/uploads\/2025\/04\/20250427_222507-scaled.jpg 2560w, https:\/\/todoapulmon-rafaela.com\/wp-content\/uploads\/2025\/04\/20250427_222507-300x225.jpg 300w, https:\/\/todoapulmon-rafaela.com\/wp-content\/uploads\/2025\/04\/20250427_222507-2000x1500.jpg 2000w, https:\/\/todoapulmon-rafaela.com\/wp-content\/uploads\/2025\/04\/20250427_222507-1536x1152.jpg 1536w, https:\/\/todoapulmon-rafaela.com\/wp-content\/uploads\/2025\/04\/20250427_222507-2048x1536.jpg 2048w\" sizes=\"(max-width: 2560px) 100vw, 2560px\" \/><\/p>\n<p><strong>INTEGRANTES DE LA ARB<\/strong><\/p>\n<p>4- Burgener Lucas<br \/>\n5- Chiavassa Agustin<br \/>\n6- Nocioni Santiago<br \/>\n7- Scotto Gino<br \/>\n8- Cantalejo Francisco<br \/>\n9- C\u00e1nepa Agustin<br \/>\n10- Manasero Bautista<br \/>\n11- Rose Nehu\u00e9n<br \/>\n12- Melgrati Emanuel<br \/>\n13- Siro Bruno<br \/>\n14- Bruneri Bautista<br \/>\n15- Calcabrini Antonio<\/p>\n<p><strong>EQUIPO DE ARGENTINA<\/strong><\/p>\n<p>Ger\u00f3nimo Brocal \u2013 Hind\u00fa de Resistencia<br \/>\nFacundo Mathieu \u2013 Hind\u00fa de C\u00f3rdoba<br \/>\nThiago Arguero \u2013 Boca Juniors<br \/>\nJoaqu\u00edn Almozni Franco \u2013 Regatas Corrientes<br \/>\nFrancisco Bertone \u2013 Regatas de Santa Fe<br \/>\nSim\u00f3n Fux \u2013 Central Entrerriano de Gualeguaych\u00fa<br \/>\nGino Gramaglia \u2013 Ben Hur de Rafaela<br \/>\nEnzo Roth \u2013 Napost\u00e1 de Bah\u00eda Blanca<br \/>\nEzequiel Catal\u00e1n \u2013 Bahiense del Norte<br \/>\nBenjam\u00edn Taborda \u2013 9 de Julio de Rafaela<br \/>\nIan Torres \u2013 Villa San Mart\u00edn de Resistencia<br \/>\nTom\u00e1s Sandes Ortega \u2013 Leonardo Murialdo de Mendoza<br \/>\nIgor Joloidovski \u2013 Instituto de C\u00f3rdoba<br \/>\nJuan Cruz Villa \u2013 Mendoza de Regatas<br \/>\nBenito Lavrut \u2013 Ferro Carril Oeste<br \/>\nMat\u00edas Montenegro \u2013 Andes Talleres de Mendoza<br \/>\nJuan Benicio Dollberg \u2013 3 de Febrero<br \/>\nLuciano Turrini Ferrari \u2013 Firmat F\u00fatbol Club<br \/>\nAgust\u00edn Della Negra \u2013 Boca Juniors<br \/>\nSebasti\u00e1n Castillo \u2013 Quimsa.<\/p>\n<p>Cabe mencionar que previo al inicio del partido hubo intercambios de obsequios entre la ARB, Subsecretar\u00eda de Deportes del municipio, de la Provincia y el seleccionado, con la presencia de Hugo Morel, Silvina Rodriguez Mes\u00f3n, Federico Pronotti, el Manager Hern\u00e1n Tettamanti y el entrenador Leonardo Guti\u00e9rrez.<\/p>\n","protected":false},"excerpt":{"rendered":"<p>En una linda noche de b\u00e1squet en el Coliseo del Sur del Club Ben Hur, el seleccionado U21 de la<\/p>\n","protected":false},"author":2,"featured_media":56093,"comment_status":"closed","ping_status":"closed","sticky":false,"template":"","format":"standard","meta":{"footnotes":""},"categories":[5,24],"tags":[],"class_list":["post-56092","post","type-post","status-publish","format-standard","has-post-thumbnail","hentry","category-basquet","category-noticias-destacadas"],"cc_featured_image_caption":{"caption_text":"","source_text":"","source_url":""},"_links":{"self":[{"href":"https:\/\/todoapulmon-rafaela.com\/index.php\/wp-json\/wp\/v2\/posts\/56092"}],"collection":[{"href":"https:\/\/todoapulmon-rafaela.com\/index.php\/wp-json\/wp\/v2\/posts"}],"about":[{"href":"https:\/\/todoapulmon-rafaela.com\/index.php\/wp-json\/wp\/v2\/types\/post"}],"author":[{"embeddable":true,"href":"https:\/\/todoapulmon-rafaela.com\/index.php\/wp-json\/wp\/v2\/users\/2"}],"replies":[{"embeddable":true,"href":"https:\/\/todoapulmon-rafaela.com\/index.php\/wp-json\/wp\/v2\/comments?post=56092"}],"version-history":[{"count":3,"href":"https:\/\/todoapulmon-rafaela.com\/index.php\/wp-json\/wp\/v2\/posts\/56092\/revisions"}],"predecessor-version":[{"id":56098,"href":"https:\/\/todoapulmon-rafaela.com\/index.php\/wp-json\/wp\/v2\/posts\/56092\/revisions\/56098"}],"wp:featuredmedia":[{"embeddable":true,"href":"https:\/\/todoapulmon-rafaela.com\/index.php\/wp-json\/wp\/v2\/media\/56093"}],"wp:attachment":[{"href":"https:\/\/todoapulmon-rafaela.com\/index.php\/wp-json\/wp\/v2\/media?parent=56092"}],"wp:term":[{"taxonomy":"category","embeddable":true,"href":"https:\/\/todoapulmon-rafaela.com\/index.php\/wp-json\/wp\/v2\/categories?post=56092"},{"taxonomy":"post_tag","embeddable":true,"href":"https:\/\/todoapulmon-rafaela.com\/index.php\/wp-json\/wp\/v2\/tags?post=56092"}],"curies":[{"name":"wp","href":"https:\/\/api.w.org\/{rel}","templated":true}]}}