{"id":56047,"date":"2025-04-26T22:20:06","date_gmt":"2025-04-26T22:20:06","guid":{"rendered":"https:\/\/todoapulmon-rafaela.com\/?p=56047"},"modified":"2025-04-26T22:21:21","modified_gmt":"2025-04-26T22:21:21","slug":"crar-gano-en-san-vicente-por-la-copa-santa-fe","status":"publish","type":"post","link":"https:\/\/todoapulmon-rafaela.com\/index.php\/2025\/04\/26\/crar-gano-en-san-vicente-por-la-copa-santa-fe\/","title":{"rendered":"CRAR gan\u00f3 en San Vicente por la Copa Santa Fe"},"content":{"rendered":"<p>Por la segunda fecha de la Copa Santa Fe, el C\u00edrculo Rafaelino de Rugby se impuso este s\u00e1bado en San Vicente ante Brown por 33 a 11 y lidera la Zona B del certamen organizado por el gobierno provincial.<\/p>\n<p>El plantel superior dirigido por Nicol\u00e1s Guti\u00e9rrez tuvo una tarde ideal ya que tambi\u00e9n gan\u00f3 la Reserva, por 21 a 13.<\/p>\n<p>En el partido principal, el Verde apoy\u00f3 cinco tries por intermedio de Francisco Ambort, Manuel Mandrille -2-, Mateo Ferrero y Fabricio Machado, mientras que Santiago Kerstens sum\u00f3 cuatro conversiones.<\/p>\n<p>El primer equipo form\u00f3 con: Francisco Ambort, Mart\u00edn Barberis y Joqu\u00edn Astesano; Facundo Ledesma y Lucas Canello; Gonzalo Clemenz, Ian Trossero y Santiago Gutman; Santiago Krause y Santiago Kerstens; Santiago Franco, Mateo Ferrero, Manuel Mandrille, Esteban Appo; Nahuel Robledo.<\/p>\n<p><img loading=\"lazy\" decoding=\"async\" class=\"alignnone size-full wp-image-56050\" src=\"https:\/\/todoapulmon-rafaela.com\/wp-content\/uploads\/2025\/04\/Primera-CRAR-vs.-Brown.jpg\" alt=\"\" width=\"1600\" height=\"1200\" srcset=\"https:\/\/todoapulmon-rafaela.com\/wp-content\/uploads\/2025\/04\/Primera-CRAR-vs.-Brown.jpg 1600w, https:\/\/todoapulmon-rafaela.com\/wp-content\/uploads\/2025\/04\/Primera-CRAR-vs.-Brown-300x225.jpg 300w, https:\/\/todoapulmon-rafaela.com\/wp-content\/uploads\/2025\/04\/Primera-CRAR-vs.-Brown-1536x1152.jpg 1536w\" sizes=\"(max-width: 1600px) 100vw, 1600px\" \/><\/p>\n<p>Cambios: Ignacio Astesano por Barberis, Cristian P\u00e1ez por Astesano; Pedro Mandrille por Ledesma; Tom Far\u00edas Romano por Krause; Fabricio Machado por Appo; Martin Fern\u00e1ndez por Robledo.<\/p>\n<p>Recordemos que el pr\u00f3ximo s\u00e1bado CRAR retomar\u00e1 su participaci\u00f3n en el Torneo Regional del Litoral, recibiendo a Provincial de Rosario.<\/p>\n","protected":false},"excerpt":{"rendered":"<p>Por la segunda fecha de la Copa Santa Fe, el C\u00edrculo Rafaelino de Rugby se impuso este s\u00e1bado en San<\/p>\n","protected":false},"author":2,"featured_media":56048,"comment_status":"closed","ping_status":"closed","sticky":false,"template":"","format":"standard","meta":{"footnotes":""},"categories":[24,2],"tags":[],"class_list":["post-56047","post","type-post","status-publish","format-standard","has-post-thumbnail","hentry","category-noticias-destacadas","category-rugby"],"cc_featured_image_caption":{"caption_text":"FOTO GENTILEZA PRENSA BROWN","source_text":"","source_url":""},"_links":{"self":[{"href":"https:\/\/todoapulmon-rafaela.com\/index.php\/wp-json\/wp\/v2\/posts\/56047"}],"collection":[{"href":"https:\/\/todoapulmon-rafaela.com\/index.php\/wp-json\/wp\/v2\/posts"}],"about":[{"href":"https:\/\/todoapulmon-rafaela.com\/index.php\/wp-json\/wp\/v2\/types\/post"}],"author":[{"embeddable":true,"href":"https:\/\/todoapulmon-rafaela.com\/index.php\/wp-json\/wp\/v2\/users\/2"}],"replies":[{"embeddable":true,"href":"https:\/\/todoapulmon-rafaela.com\/index.php\/wp-json\/wp\/v2\/comments?post=56047"}],"version-history":[{"count":3,"href":"https:\/\/todoapulmon-rafaela.com\/index.php\/wp-json\/wp\/v2\/posts\/56047\/revisions"}],"predecessor-version":[{"id":56052,"href":"https:\/\/todoapulmon-rafaela.com\/index.php\/wp-json\/wp\/v2\/posts\/56047\/revisions\/56052"}],"wp:featuredmedia":[{"embeddable":true,"href":"https:\/\/todoapulmon-rafaela.com\/index.php\/wp-json\/wp\/v2\/media\/56048"}],"wp:attachment":[{"href":"https:\/\/todoapulmon-rafaela.com\/index.php\/wp-json\/wp\/v2\/media?parent=56047"}],"wp:term":[{"taxonomy":"category","embeddable":true,"href":"https:\/\/todoapulmon-rafaela.com\/index.php\/wp-json\/wp\/v2\/categories?post=56047"},{"taxonomy":"post_tag","embeddable":true,"href":"https:\/\/todoapulmon-rafaela.com\/index.php\/wp-json\/wp\/v2\/tags?post=56047"}],"curies":[{"name":"wp","href":"https:\/\/api.w.org\/{rel}","templated":true}]}}