{"id":56022,"date":"2025-04-25T18:38:00","date_gmt":"2025-04-25T18:38:00","guid":{"rendered":"https:\/\/todoapulmon-rafaela.com\/?p=56022"},"modified":"2025-04-25T18:38:00","modified_gmt":"2025-04-25T18:38:00","slug":"copa-nacional-en-mar-del-plata-con-presencias-rafaelinas","status":"publish","type":"post","link":"https:\/\/todoapulmon-rafaela.com\/index.php\/2025\/04\/25\/copa-nacional-en-mar-del-plata-con-presencias-rafaelinas\/","title":{"rendered":"Copa Nacional en Mar del Plata con presencias rafaelinas"},"content":{"rendered":"<p>Este s\u00e1bado se estar\u00e1 desarrollando en Mar del Plata la Copa Nacional de Marcha, evento que sirve de complemento a la gran realizaci\u00f3n del Sudamericano de Mayores.<\/p>\n<p>En la misma estar\u00e1n compitiendo tres representantes de AEFC de nuestra ciudad, en distintas categor\u00edas.<\/p>\n<p>Los m\u00e1s chicos, Francisco Fregona (5 km) y Milagros Kuriger en U16 (3 km), mientras que Leonela L\u00f3pez intervendr\u00e1 en U18 (5 km).<\/p>\n<p>Los atletas entrenados por Ariel Magallanes y Roc\u00edo Donnet disfrutan de un fin de semana especial, con la presencia de lo mejor del atletismo Sudamericano en la ciudad feliz.<\/p>\n","protected":false},"excerpt":{"rendered":"<p>Este s\u00e1bado se estar\u00e1 desarrollando en Mar del Plata la Copa Nacional de Marcha, evento que sirve de complemento a<\/p>\n","protected":false},"author":2,"featured_media":56023,"comment_status":"closed","ping_status":"closed","sticky":false,"template":"","format":"standard","meta":{"footnotes":""},"categories":[7,24],"tags":[],"class_list":["post-56022","post","type-post","status-publish","format-standard","has-post-thumbnail","hentry","category-atletismo","category-noticias-destacadas"],"cc_featured_image_caption":{"caption_text":"Francisco Fregona, Milagros Kuriger y Leonela L\u00f3pez.","source_text":"","source_url":""},"_links":{"self":[{"href":"https:\/\/todoapulmon-rafaela.com\/index.php\/wp-json\/wp\/v2\/posts\/56022"}],"collection":[{"href":"https:\/\/todoapulmon-rafaela.com\/index.php\/wp-json\/wp\/v2\/posts"}],"about":[{"href":"https:\/\/todoapulmon-rafaela.com\/index.php\/wp-json\/wp\/v2\/types\/post"}],"author":[{"embeddable":true,"href":"https:\/\/todoapulmon-rafaela.com\/index.php\/wp-json\/wp\/v2\/users\/2"}],"replies":[{"embeddable":true,"href":"https:\/\/todoapulmon-rafaela.com\/index.php\/wp-json\/wp\/v2\/comments?post=56022"}],"version-history":[{"count":1,"href":"https:\/\/todoapulmon-rafaela.com\/index.php\/wp-json\/wp\/v2\/posts\/56022\/revisions"}],"predecessor-version":[{"id":56024,"href":"https:\/\/todoapulmon-rafaela.com\/index.php\/wp-json\/wp\/v2\/posts\/56022\/revisions\/56024"}],"wp:featuredmedia":[{"embeddable":true,"href":"https:\/\/todoapulmon-rafaela.com\/index.php\/wp-json\/wp\/v2\/media\/56023"}],"wp:attachment":[{"href":"https:\/\/todoapulmon-rafaela.com\/index.php\/wp-json\/wp\/v2\/media?parent=56022"}],"wp:term":[{"taxonomy":"category","embeddable":true,"href":"https:\/\/todoapulmon-rafaela.com\/index.php\/wp-json\/wp\/v2\/categories?post=56022"},{"taxonomy":"post_tag","embeddable":true,"href":"https:\/\/todoapulmon-rafaela.com\/index.php\/wp-json\/wp\/v2\/tags?post=56022"}],"curies":[{"name":"wp","href":"https:\/\/api.w.org\/{rel}","templated":true}]}}