{"id":55962,"date":"2025-04-23T12:46:15","date_gmt":"2025-04-23T12:46:15","guid":{"rendered":"https:\/\/todoapulmon-rafaela.com\/?p=55962"},"modified":"2025-04-23T12:52:15","modified_gmt":"2025-04-23T12:52:15","slug":"con-refuerzos-atletico-esta-listo-para-el-inicio-de-la-primera-b","status":"publish","type":"post","link":"https:\/\/todoapulmon-rafaela.com\/index.php\/2025\/04\/23\/con-refuerzos-atletico-esta-listo-para-el-inicio-de-la-primera-b\/","title":{"rendered":"Con refuerzos, Atl\u00e9tico est\u00e1 listo para el inicio de la Primera B"},"content":{"rendered":"<div class=\"xdj266r x11i5rnm xat24cr x1mh8g0r x1vvkbs x126k92a\">\n<div dir=\"auto\">El pr\u00f3ximo domingo 27 de abril, a las 15:00, Atl\u00e9tico de Rafaela tendr\u00e1 su debut en la temporada 2025 de la Primera \u00abB\u00bb de la Asociaci\u00f3n del F\u00fatbol Argentino. El primer partido ser\u00e1 como visitante frente al Deportivo Mor\u00f3n.<\/div>\n<div dir=\"auto\">Para afrontar el segundo a\u00f1o consecutivo compitiendo en la segunda categor\u00eda a nivel nacional, el entrenador Pablo Rebosio sum\u00f3 a las siguientes jugadoras para reforzar el plantel, el cual mantuvo la base del torneo pasado:<\/div>\n<div dir=\"auto\"><strong>&#8211; Delfina Andino<\/strong>, 20 a\u00f1os, delantera, proveniente de Newell\u00b4s Old Boys de Rosario.<\/div>\n<div dir=\"auto\"><strong>&#8211; Sheila Martina Carrizo<\/strong>, 21 a\u00f1os, delantera, proveniente de Barrio Norte.<\/div>\n<div dir=\"auto\"><strong>&#8211; Fiorela Pereyra<\/strong>, 17 a\u00f1os, delantera, proveniente del club Atl\u00e9tico Adelante de Reconquista.<\/div>\n<div dir=\"auto\"><strong>&#8211; Sol Tarditti<\/strong>, 20 a\u00f1os, defensora central, proveniente de Rosario Central.<\/div>\n<div dir=\"auto\"><strong>&#8211; Guadalupe Albornoz<\/strong>, 20 a\u00f1os, mediocampista, proveniente de Rosario Central.<\/div>\n<div dir=\"auto\"><strong>&#8211; Sasha Tamara Cantero<\/strong>, 24 a\u00f1os, defensora, proveniente de Newell\u00b4s Old Boys de Rosario.<\/div>\n<div dir=\"auto\"><strong>&#8211; Camila Prisco<\/strong>, 20 a\u00f1os, arquera, proveniente de Trebolense de El Trebol.<\/div>\n<div dir=\"auto\">\n<p><img loading=\"lazy\" decoding=\"async\" class=\"size-full wp-image-55964\" src=\"https:\/\/todoapulmon-rafaela.com\/wp-content\/uploads\/2025\/04\/Picsart_25-04-23_09-43-53-272-scaled.jpg\" alt=\"\" width=\"2560\" height=\"2560\" srcset=\"https:\/\/todoapulmon-rafaela.com\/wp-content\/uploads\/2025\/04\/Picsart_25-04-23_09-43-53-272-scaled.jpg 2560w, https:\/\/todoapulmon-rafaela.com\/wp-content\/uploads\/2025\/04\/Picsart_25-04-23_09-43-53-272-300x300.jpg 300w, https:\/\/todoapulmon-rafaela.com\/wp-content\/uploads\/2025\/04\/Picsart_25-04-23_09-43-53-272-1500x1500.jpg 1500w, https:\/\/todoapulmon-rafaela.com\/wp-content\/uploads\/2025\/04\/Picsart_25-04-23_09-43-53-272-150x150.jpg 150w, https:\/\/todoapulmon-rafaela.com\/wp-content\/uploads\/2025\/04\/Picsart_25-04-23_09-43-53-272-1536x1536.jpg 1536w, https:\/\/todoapulmon-rafaela.com\/wp-content\/uploads\/2025\/04\/Picsart_25-04-23_09-43-53-272-2048x2048.jpg 2048w\" sizes=\"(max-width: 2560px) 100vw, 2560px\" \/><\/p>\n<\/div>\n<\/div>\n<div dir=\"auto\"><strong>FIXTURE<\/strong><\/div>\n<div class=\"x11i5rnm xat24cr x1mh8g0r x1vvkbs xtlvy1s x126k92a\">\n<div dir=\"auto\"><strong>Fecha 1:<\/strong> Deportivo Mor\u00f3n (V).<\/div>\n<div dir=\"auto\"><strong>Fecha 2:<\/strong> Estudiantes de la Plata (L).<\/div>\n<div dir=\"auto\"><strong>Fecha 3:<\/strong> All Boys (V).<\/div>\n<div dir=\"auto\"><strong>Fecha 4:<\/strong> Sarmiento (L).<\/div>\n<div dir=\"auto\"><strong>Fecha 5:<\/strong> Libre.<\/div>\n<div dir=\"auto\"><strong>Fecha 6:<\/strong> Argentino Juniors (V).<\/div>\n<div dir=\"auto\"><strong>Fecha 7:<\/strong> UAI. Urquiza (L).<\/div>\n<div dir=\"auto\"><strong>Fecha 8:<\/strong> Atlanta (V).<\/div>\n<div dir=\"auto\"><strong>Fecha 9:<\/strong> Lan\u00fas (L).<\/div>\n<\/div>\n<div class=\"x11i5rnm xat24cr x1mh8g0r x1vvkbs xtlvy1s x126k92a\">\n<div dir=\"auto\">En la segunda rueda se invierten las local\u00edas.<\/div>\n<\/div>\n","protected":false},"excerpt":{"rendered":"<p>El pr\u00f3ximo domingo 27 de abril, a las 15:00, Atl\u00e9tico de Rafaela tendr\u00e1 su debut en la temporada 2025 de<\/p>\n","protected":false},"author":2,"featured_media":55965,"comment_status":"closed","ping_status":"closed","sticky":false,"template":"","format":"standard","meta":{"footnotes":""},"categories":[31,24],"tags":[],"class_list":["post-55962","post","type-post","status-publish","format-standard","has-post-thumbnail","hentry","category-futbol-femenino","category-noticias-destacadas"],"cc_featured_image_caption":{"caption_text":"PRENSA ATLETICO","source_text":"","source_url":""},"_links":{"self":[{"href":"https:\/\/todoapulmon-rafaela.com\/index.php\/wp-json\/wp\/v2\/posts\/55962"}],"collection":[{"href":"https:\/\/todoapulmon-rafaela.com\/index.php\/wp-json\/wp\/v2\/posts"}],"about":[{"href":"https:\/\/todoapulmon-rafaela.com\/index.php\/wp-json\/wp\/v2\/types\/post"}],"author":[{"embeddable":true,"href":"https:\/\/todoapulmon-rafaela.com\/index.php\/wp-json\/wp\/v2\/users\/2"}],"replies":[{"embeddable":true,"href":"https:\/\/todoapulmon-rafaela.com\/index.php\/wp-json\/wp\/v2\/comments?post=55962"}],"version-history":[{"count":3,"href":"https:\/\/todoapulmon-rafaela.com\/index.php\/wp-json\/wp\/v2\/posts\/55962\/revisions"}],"predecessor-version":[{"id":55967,"href":"https:\/\/todoapulmon-rafaela.com\/index.php\/wp-json\/wp\/v2\/posts\/55962\/revisions\/55967"}],"wp:featuredmedia":[{"embeddable":true,"href":"https:\/\/todoapulmon-rafaela.com\/index.php\/wp-json\/wp\/v2\/media\/55965"}],"wp:attachment":[{"href":"https:\/\/todoapulmon-rafaela.com\/index.php\/wp-json\/wp\/v2\/media?parent=55962"}],"wp:term":[{"taxonomy":"category","embeddable":true,"href":"https:\/\/todoapulmon-rafaela.com\/index.php\/wp-json\/wp\/v2\/categories?post=55962"},{"taxonomy":"post_tag","embeddable":true,"href":"https:\/\/todoapulmon-rafaela.com\/index.php\/wp-json\/wp\/v2\/tags?post=55962"}],"curies":[{"name":"wp","href":"https:\/\/api.w.org\/{rel}","templated":true}]}}