{"id":5592,"date":"2017-04-05T15:01:33","date_gmt":"2017-04-05T15:01:33","guid":{"rendered":"http:\/\/todoapulmon-rafaela.com\/?p=5592"},"modified":"2017-04-05T15:14:18","modified_gmt":"2017-04-05T15:14:18","slug":"en-abril-arrancaron-las-eides-en-rafaela","status":"publish","type":"post","link":"https:\/\/todoapulmon-rafaela.com\/index.php\/2017\/04\/05\/en-abril-arrancaron-las-eides-en-rafaela\/","title":{"rendered":"En abril arrancaron las EIDES en Rafaela"},"content":{"rendered":"<p dir=\"auto\">El 3 de abril, luego del receso de verano, comenzaron a funcionar en nuestra ciudad las EIDE (Escuelas de Iniciaci\u00f3n Deportiva) para este a\u00f1o, que funcionar\u00e1n hasta el mes de noviembre. Alcanzan a seis disciplinas, con una carga horaria de seis horas semanales y de manera gratuita para los chicos.<\/p>\n<p dir=\"auto\">Las mismas dependen de la Secretar\u00eda de Deporte de la Naci\u00f3n, a cargo de Carlos Javier Mac Allister, y se encuadran en lineamientos trazados en el sentido que el deporte sea una pol\u00edtica de estado.\u00a0El objetivo es planificar una linea de trabajo com\u00fan, es decir que el chico de 10 a\u00f1os que hace atletismo en Rafaela, entrene de igual manera en Tucum\u00e1n o Mendoza, y esto trasladado a otras disciplinas. En toda la provincia de Santa Fe funcionar\u00e1n 116.<b>\u00a0<\/b><\/p>\n<p dir=\"auto\">El Coordinador de la Secretar\u00eda en la provincia de Santa Fe es el prof. Ceferino Mondino, recalcando que se prioriza que las EIDE sean dirigidas por ex deportistas reconocidos por su rendimiento, especialistas en cada disciplina. En cada provincia contar\u00e1n con un Centro de Tecnificaci\u00f3n por disciplina que capacitar\u00e1n a los profesores a cargo.<\/p>\n<p dir=\"auto\">Para la implementaci\u00f3n de las EIDE en marcha y las que se van a sumar (pronto estar\u00eda una m\u00e1s en atletismo), mucho tuvo que ver la gesti\u00f3n del ex atleta y Prof. Ceferino Mondino, quien tendr\u00e1 la responsabilidad de cooordinar y monitorear el desarrollo en la provincia de Santa Fe.<\/p>\n<p dir=\"auto\">\u00abEs un desaf\u00edo muy grande, pero muy lindo. Agradezco la confianza que depositaron en m\u00ed Carlos (Mac Callister) y el Diputado Provincial\u00a0Federico Angelini,. Creo en el deporte como herramienta de vida, ser\u00e1 un camino largo con muchas dificultades, donde hay que cambiar &#8216;usos y costumbres del deporte&#8217; que est\u00e1n culturalmente muy\u00a0arraigadas. Todo cambio cuesta, pero alg\u00fan d\u00eda hab\u00eda que empezar\u00bb, expres\u00f3 Mondino.<\/p>\n<p dir=\"auto\">LAS EIDES EN MARCHA<\/p>\n<p dir=\"auto\">En Rafaela funcionan: una\u00a0Eide de Atletismo, con el profesor Leandro Bonamino en el CRAS.<\/p>\n<p dir=\"auto\">Una EIDE de Balonmano (Handball), con el profesor Ramirez en el CEF 53.<\/p>\n<p dir=\"auto\">Una EIDE\u00a0de Ciclismo con el t\u00e9cnico Hugo Vazquez, en el Club Ciclista.<\/p>\n<p dir=\"auto\">Una EIDE del programa \u00abAtleta Urbano\u00bb, con la profesora Silvina Rodr\u00edguez Mes\u00f3n. El punto de encuentro es la Ciclov\u00eda, frente a la pileta del Club Ben Hur, de 18 a\u00f1os en adelante.<\/p>\n<p dir=\"auto\">Un\u00a0Centro tecnificador de Ciclismo, con Daniel Capella en el Club Ciclista.<\/p>\n<p dir=\"auto\">Dos Centros tecnificadores de Gimnasia Art\u00edstica, con la Profesora Silvia Piovano de Ingaramo, en Gimnasio CREAR.<\/p>\n<p dir=\"auto\">\n","protected":false},"excerpt":{"rendered":"<p>El 3 de abril, luego del receso de verano, comenzaron a funcionar en nuestra ciudad las EIDE (Escuelas de Iniciaci\u00f3n<\/p>\n","protected":false},"author":2,"featured_media":5593,"comment_status":"open","ping_status":"open","sticky":false,"template":"","format":"standard","meta":{"footnotes":""},"categories":[24],"tags":[],"class_list":["post-5592","post","type-post","status-publish","format-standard","has-post-thumbnail","hentry","category-noticias-destacadas"],"cc_featured_image_caption":{"caption_text":"El vel\u00f3dromo, \u00e1mbito natural para las EIDES de ciclismo (foto referencial).","source_text":"","source_url":""},"_links":{"self":[{"href":"https:\/\/todoapulmon-rafaela.com\/index.php\/wp-json\/wp\/v2\/posts\/5592"}],"collection":[{"href":"https:\/\/todoapulmon-rafaela.com\/index.php\/wp-json\/wp\/v2\/posts"}],"about":[{"href":"https:\/\/todoapulmon-rafaela.com\/index.php\/wp-json\/wp\/v2\/types\/post"}],"author":[{"embeddable":true,"href":"https:\/\/todoapulmon-rafaela.com\/index.php\/wp-json\/wp\/v2\/users\/2"}],"replies":[{"embeddable":true,"href":"https:\/\/todoapulmon-rafaela.com\/index.php\/wp-json\/wp\/v2\/comments?post=5592"}],"version-history":[{"count":3,"href":"https:\/\/todoapulmon-rafaela.com\/index.php\/wp-json\/wp\/v2\/posts\/5592\/revisions"}],"predecessor-version":[{"id":5596,"href":"https:\/\/todoapulmon-rafaela.com\/index.php\/wp-json\/wp\/v2\/posts\/5592\/revisions\/5596"}],"wp:featuredmedia":[{"embeddable":true,"href":"https:\/\/todoapulmon-rafaela.com\/index.php\/wp-json\/wp\/v2\/media\/5593"}],"wp:attachment":[{"href":"https:\/\/todoapulmon-rafaela.com\/index.php\/wp-json\/wp\/v2\/media?parent=5592"}],"wp:term":[{"taxonomy":"category","embeddable":true,"href":"https:\/\/todoapulmon-rafaela.com\/index.php\/wp-json\/wp\/v2\/categories?post=5592"},{"taxonomy":"post_tag","embeddable":true,"href":"https:\/\/todoapulmon-rafaela.com\/index.php\/wp-json\/wp\/v2\/tags?post=5592"}],"curies":[{"name":"wp","href":"https:\/\/api.w.org\/{rel}","templated":true}]}}