{"id":55847,"date":"2025-04-16T17:13:22","date_gmt":"2025-04-16T17:13:22","guid":{"rendered":"https:\/\/todoapulmon-rafaela.com\/?p=55847"},"modified":"2025-04-16T17:13:22","modified_gmt":"2025-04-16T17:13:22","slug":"juegos-suramericanos-un-paso-mas-hacia-la-construccion-del-microestadio-y-la-villa-deportiva","status":"publish","type":"post","link":"https:\/\/todoapulmon-rafaela.com\/index.php\/2025\/04\/16\/juegos-suramericanos-un-paso-mas-hacia-la-construccion-del-microestadio-y-la-villa-deportiva\/","title":{"rendered":"Juegos Suramericanos: un paso m\u00e1s hacia la construcci\u00f3n del microestadio y la villa deportiva"},"content":{"rendered":"<div id=\"m_-61638836689695715344620ecdf-7bf8-4efa-b8cf-29d5bcf4d840\">El Departamento Ejecutivo Municipal recibi\u00f3 el respaldo por parte del Concejo Municipal para la firma de un convenio urban\u00edstico con la firma Inversora NIWOL S. A. el cual permitir\u00e1 la construcci\u00f3n de un microestadio y una villa deportiva, en el marco de la realizaci\u00f3n de los Juegos Suramericanos 2026 que tendr\u00e1 a la ciudad de Rafaela como una de sus sedes.<\/div>\n<div id=\"m_-61638836689695715344620ecdf-7bf8-4efa-b8cf-29d5bcf4d840\"><\/div>\n<div id=\"m_-61638836689695715344620ecdf-7bf8-4efa-b8cf-29d5bcf4d840\">La solicitud del terreno correspondiente fue realizada por el Gobierno de la Provincia de Santa Fe a la Municipalidad de Rafaela. \u00c9sta, al no contar con un predio propio con las caracter\u00edsticas necesarias solicitadas por los organizadores del evento, logr\u00f3 concretar la cesi\u00f3n del terreno mediante un acuerdo con la firma antes citada. El mismo fue autorizado por el \u00f3rgano legislativo local.<\/div>\n<div id=\"m_-61638836689695715344620ecdf-7bf8-4efa-b8cf-29d5bcf4d840\"><\/div>\n<div id=\"m_-61638836689695715344620ecdf-7bf8-4efa-b8cf-29d5bcf4d840\">En concreto, la fracci\u00f3n de terreno en cuesti\u00f3n alcanza los 20.000,39 metros cuadrados y la empresa se har\u00e1 cargo de la construcci\u00f3n de toda la infraestructura necesaria.<\/div>\n<div><img loading=\"lazy\" decoding=\"async\" class=\"alignnone size-full wp-image-55849\" src=\"https:\/\/todoapulmon-rafaela.com\/wp-content\/uploads\/2025\/04\/estadio-2.jpg\" alt=\"\" width=\"1290\" height=\"882\" srcset=\"https:\/\/todoapulmon-rafaela.com\/wp-content\/uploads\/2025\/04\/estadio-2.jpg 1290w, https:\/\/todoapulmon-rafaela.com\/wp-content\/uploads\/2025\/04\/estadio-2-300x205.jpg 300w, https:\/\/todoapulmon-rafaela.com\/wp-content\/uploads\/2025\/04\/estadio-2-130x90.jpg 130w\" sizes=\"(max-width: 1290px) 100vw, 1290px\" \/><\/div>\n<div id=\"m_-61638836689695715344620ecdf-7bf8-4efa-b8cf-29d5bcf4d840\"><\/div>\n<div id=\"m_-61638836689695715344620ecdf-7bf8-4efa-b8cf-29d5bcf4d840\">Esta gesti\u00f3n efectuada por el Gobierno Municipal de Rafaela posibilitar\u00e1 que la ciudad incorpore infraestructura de primer nivel. A su vez, la construcci\u00f3n de obras complementarias que les posibilitar\u00e1, tanto a los rafaelinos como a los visitantes, disfrutar de encuentros deportivos de alto nivel y espacios recreativos de calidad.<\/div>\n","protected":false},"excerpt":{"rendered":"<p>El Departamento Ejecutivo Municipal recibi\u00f3 el respaldo por parte del Concejo Municipal para la firma de un convenio urban\u00edstico con<\/p>\n","protected":false},"author":2,"featured_media":55848,"comment_status":"closed","ping_status":"closed","sticky":false,"template":"","format":"standard","meta":{"footnotes":""},"categories":[24],"tags":[],"class_list":["post-55847","post","type-post","status-publish","format-standard","has-post-thumbnail","hentry","category-noticias-destacadas"],"cc_featured_image_caption":{"caption_text":"PRENSA MUNICIPALIDAD ","source_text":"","source_url":""},"_links":{"self":[{"href":"https:\/\/todoapulmon-rafaela.com\/index.php\/wp-json\/wp\/v2\/posts\/55847"}],"collection":[{"href":"https:\/\/todoapulmon-rafaela.com\/index.php\/wp-json\/wp\/v2\/posts"}],"about":[{"href":"https:\/\/todoapulmon-rafaela.com\/index.php\/wp-json\/wp\/v2\/types\/post"}],"author":[{"embeddable":true,"href":"https:\/\/todoapulmon-rafaela.com\/index.php\/wp-json\/wp\/v2\/users\/2"}],"replies":[{"embeddable":true,"href":"https:\/\/todoapulmon-rafaela.com\/index.php\/wp-json\/wp\/v2\/comments?post=55847"}],"version-history":[{"count":1,"href":"https:\/\/todoapulmon-rafaela.com\/index.php\/wp-json\/wp\/v2\/posts\/55847\/revisions"}],"predecessor-version":[{"id":55850,"href":"https:\/\/todoapulmon-rafaela.com\/index.php\/wp-json\/wp\/v2\/posts\/55847\/revisions\/55850"}],"wp:featuredmedia":[{"embeddable":true,"href":"https:\/\/todoapulmon-rafaela.com\/index.php\/wp-json\/wp\/v2\/media\/55848"}],"wp:attachment":[{"href":"https:\/\/todoapulmon-rafaela.com\/index.php\/wp-json\/wp\/v2\/media?parent=55847"}],"wp:term":[{"taxonomy":"category","embeddable":true,"href":"https:\/\/todoapulmon-rafaela.com\/index.php\/wp-json\/wp\/v2\/categories?post=55847"},{"taxonomy":"post_tag","embeddable":true,"href":"https:\/\/todoapulmon-rafaela.com\/index.php\/wp-json\/wp\/v2\/tags?post=55847"}],"curies":[{"name":"wp","href":"https:\/\/api.w.org\/{rel}","templated":true}]}}