{"id":55799,"date":"2025-04-14T15:12:17","date_gmt":"2025-04-14T15:12:17","guid":{"rendered":"https:\/\/todoapulmon-rafaela.com\/?p=55799"},"modified":"2025-04-14T15:16:43","modified_gmt":"2025-04-14T15:16:43","slug":"9-de-julio-fue-campeon-del-interclubes-en-esperanza","status":"publish","type":"post","link":"https:\/\/todoapulmon-rafaela.com\/index.php\/2025\/04\/14\/9-de-julio-fue-campeon-del-interclubes-en-esperanza\/","title":{"rendered":"9 de Julio fue campe\u00f3n del Interclubes en Esperanza"},"content":{"rendered":"<p>Este domingo se desarroll\u00f3 en Esperanza la segunda fecha del Interclubes de Primera Categor\u00eda, circuito que reune a equipos de una amplia regi\u00f3n.<\/p>\n<p><strong>El\u00a0 representativo del Club 9 de Julio de nuestra ciudad se consagr\u00f3 campe\u00f3n en el certamen organizado por Rafa Tenis.<\/strong><\/p>\n<p>En la etapa clasificatoria se impuso por 2 a 1 a Santa Fe Lawn Tennis B y por el mismo resultado a Jockey Club de Santa Fe. Luego, en semifinales, 9 de Julio derrot\u00f3 por 2 a 1 al Lawn Tennis Esperancino.<\/p>\n<p>As\u00ed lleg\u00f3 la gran final donde venci\u00f3 a Los Corrales por 2 a 1, con esta secuencia de resultados:<\/p>\n<p>Francisco Seffino single 1: 3-6 y 1-6.<\/p>\n<p>Valentino Millimaci single 2: 3-6, 6-3 y 10-3.<\/p>\n<p>Dar\u00edo Chizzini\/Gaston Biganzoli, dobles: 6-4 y 6-3.<\/p>\n<p><strong>El team estuvo integrado por: Francis Williner, Valentino Millimaci, Dar\u00edo Chizzini, Gast\u00f3n Biganzoli, Juli\u00e1n Seffino y Francisco Seffino.<\/strong><\/p>\n<p>Luego de dos fechas disputadas, los l\u00edderes del ranking son el Lawn Tennis Esperancino y 9 de Julio de Rafaela con 255 puntos, seguidos por Los Corrales de Paran\u00e1 con 210, Paran\u00e1 Tenis 200, Rafaela Tenis y Jockey Club de Santa Fe 155, Rafa Tenis 125 y La Quinta 110, en los primeros puestos.<\/p>\n","protected":false},"excerpt":{"rendered":"<p>Este domingo se desarroll\u00f3 en Esperanza la segunda fecha del Interclubes de Primera Categor\u00eda, circuito que reune a equipos de<\/p>\n","protected":false},"author":2,"featured_media":55800,"comment_status":"closed","ping_status":"closed","sticky":false,"template":"","format":"standard","meta":{"footnotes":""},"categories":[24,6],"tags":[],"class_list":["post-55799","post","type-post","status-publish","format-standard","has-post-thumbnail","hentry","category-noticias-destacadas","category-tenis"],"cc_featured_image_caption":{"caption_text":"Francis Williner, Valentino Millimaci, Dar\u00edo Chizzini, Gast\u00f3n Biganzoli, Juli\u00e1n Seffino y Francisco Seffino integraron el equipo.","source_text":"","source_url":""},"_links":{"self":[{"href":"https:\/\/todoapulmon-rafaela.com\/index.php\/wp-json\/wp\/v2\/posts\/55799"}],"collection":[{"href":"https:\/\/todoapulmon-rafaela.com\/index.php\/wp-json\/wp\/v2\/posts"}],"about":[{"href":"https:\/\/todoapulmon-rafaela.com\/index.php\/wp-json\/wp\/v2\/types\/post"}],"author":[{"embeddable":true,"href":"https:\/\/todoapulmon-rafaela.com\/index.php\/wp-json\/wp\/v2\/users\/2"}],"replies":[{"embeddable":true,"href":"https:\/\/todoapulmon-rafaela.com\/index.php\/wp-json\/wp\/v2\/comments?post=55799"}],"version-history":[{"count":1,"href":"https:\/\/todoapulmon-rafaela.com\/index.php\/wp-json\/wp\/v2\/posts\/55799\/revisions"}],"predecessor-version":[{"id":55801,"href":"https:\/\/todoapulmon-rafaela.com\/index.php\/wp-json\/wp\/v2\/posts\/55799\/revisions\/55801"}],"wp:featuredmedia":[{"embeddable":true,"href":"https:\/\/todoapulmon-rafaela.com\/index.php\/wp-json\/wp\/v2\/media\/55800"}],"wp:attachment":[{"href":"https:\/\/todoapulmon-rafaela.com\/index.php\/wp-json\/wp\/v2\/media?parent=55799"}],"wp:term":[{"taxonomy":"category","embeddable":true,"href":"https:\/\/todoapulmon-rafaela.com\/index.php\/wp-json\/wp\/v2\/categories?post=55799"},{"taxonomy":"post_tag","embeddable":true,"href":"https:\/\/todoapulmon-rafaela.com\/index.php\/wp-json\/wp\/v2\/tags?post=55799"}],"curies":[{"name":"wp","href":"https:\/\/api.w.org\/{rel}","templated":true}]}}