{"id":55794,"date":"2025-04-14T12:52:13","date_gmt":"2025-04-14T12:52:13","guid":{"rendered":"https:\/\/todoapulmon-rafaela.com\/?p=55794"},"modified":"2025-04-14T12:52:13","modified_gmt":"2025-04-14T12:52:13","slug":"matias-y-santino-dominino-se-destacaron-en-el-pan-de-azucar","status":"publish","type":"post","link":"https:\/\/todoapulmon-rafaela.com\/index.php\/2025\/04\/14\/matias-y-santino-dominino-se-destacaron-en-el-pan-de-azucar\/","title":{"rendered":"Mat\u00edas y Santino Dominino se destacaron en el Pan de Az\u00facar"},"content":{"rendered":"<p>Este domingo se corri\u00f3 en Villa Allende la tradicional competencia de mountain bike Rally Pan de Az\u00facar, en la cual compitieron bikers rafaelinos con meritorias performances.<br \/>\nLos Dominino lograron sendos podios, ya que Mat\u00edas fue segundo en B2 y su hijo Santino quinto en Juveniles.<\/p>\n<p><img loading=\"lazy\" decoding=\"async\" class=\"alignnone size-full wp-image-55797\" src=\"https:\/\/todoapulmon-rafaela.com\/wp-content\/uploads\/2025\/04\/Screenshot_20250414-093553_Instagram.jpg\" alt=\"\" width=\"720\" height=\"838\" srcset=\"https:\/\/todoapulmon-rafaela.com\/wp-content\/uploads\/2025\/04\/Screenshot_20250414-093553_Instagram.jpg 720w, https:\/\/todoapulmon-rafaela.com\/wp-content\/uploads\/2025\/04\/Screenshot_20250414-093553_Instagram-258x300.jpg 258w\" sizes=\"(max-width: 720px) 100vw, 720px\" \/><\/p>\n<p>La prueba, correspondiente a la segunda fecha del Provincial de Rally cordob\u00e9s, tuvo un recorrido aproximado de 54 km.<br \/>\nEstos fueron los principales resultados:<br \/>\n<strong>Juveniles:<\/strong> 5) Santino Dominino en 2h 06m 07s.<br \/>\n<strong>Elite:<\/strong> 15) Jos\u00e9 Leandri en 2h 02m 30s.<br \/>\n<strong>Master A1:<\/strong> 15) Germ\u00e1n Leandri en 2h 07m 38s.<br \/>\n<strong>Master B2:<\/strong> 2) Mat\u00edas Dominino en 1h 56m&#8230;13) Edgardo Rasetto.<br \/>\n<strong>Master C1:<\/strong> 17) C\u00e9sar Bonetto.<br \/>\n<strong>Damas B:<\/strong> 15) Araceli Costamagna.<\/p>\n","protected":false},"excerpt":{"rendered":"<p>Este domingo se corri\u00f3 en Villa Allende la tradicional competencia de mountain bike Rally Pan de Az\u00facar, en la cual<\/p>\n","protected":false},"author":2,"featured_media":55796,"comment_status":"closed","ping_status":"closed","sticky":false,"template":"","format":"standard","meta":{"footnotes":""},"categories":[4,24],"tags":[],"class_list":["post-55794","post","type-post","status-publish","format-standard","has-post-thumbnail","hentry","category-ciclismo","category-noticias-destacadas"],"cc_featured_image_caption":{"caption_text":"El podio de Juveniles.","source_text":"","source_url":""},"_links":{"self":[{"href":"https:\/\/todoapulmon-rafaela.com\/index.php\/wp-json\/wp\/v2\/posts\/55794"}],"collection":[{"href":"https:\/\/todoapulmon-rafaela.com\/index.php\/wp-json\/wp\/v2\/posts"}],"about":[{"href":"https:\/\/todoapulmon-rafaela.com\/index.php\/wp-json\/wp\/v2\/types\/post"}],"author":[{"embeddable":true,"href":"https:\/\/todoapulmon-rafaela.com\/index.php\/wp-json\/wp\/v2\/users\/2"}],"replies":[{"embeddable":true,"href":"https:\/\/todoapulmon-rafaela.com\/index.php\/wp-json\/wp\/v2\/comments?post=55794"}],"version-history":[{"count":2,"href":"https:\/\/todoapulmon-rafaela.com\/index.php\/wp-json\/wp\/v2\/posts\/55794\/revisions"}],"predecessor-version":[{"id":55798,"href":"https:\/\/todoapulmon-rafaela.com\/index.php\/wp-json\/wp\/v2\/posts\/55794\/revisions\/55798"}],"wp:featuredmedia":[{"embeddable":true,"href":"https:\/\/todoapulmon-rafaela.com\/index.php\/wp-json\/wp\/v2\/media\/55796"}],"wp:attachment":[{"href":"https:\/\/todoapulmon-rafaela.com\/index.php\/wp-json\/wp\/v2\/media?parent=55794"}],"wp:term":[{"taxonomy":"category","embeddable":true,"href":"https:\/\/todoapulmon-rafaela.com\/index.php\/wp-json\/wp\/v2\/categories?post=55794"},{"taxonomy":"post_tag","embeddable":true,"href":"https:\/\/todoapulmon-rafaela.com\/index.php\/wp-json\/wp\/v2\/tags?post=55794"}],"curies":[{"name":"wp","href":"https:\/\/api.w.org\/{rel}","templated":true}]}}