{"id":55790,"date":"2025-04-14T11:21:48","date_gmt":"2025-04-14T11:21:48","guid":{"rendered":"https:\/\/todoapulmon-rafaela.com\/?p=55790"},"modified":"2025-04-14T11:21:48","modified_gmt":"2025-04-14T11:21:48","slug":"la-segunda-del-provincial-cordobes-con-triunfos-rafaelinos","status":"publish","type":"post","link":"https:\/\/todoapulmon-rafaela.com\/index.php\/2025\/04\/14\/la-segunda-del-provincial-cordobes-con-triunfos-rafaelinos\/","title":{"rendered":"La segunda del Provincial cordob\u00e9s con triunfos rafaelinos"},"content":{"rendered":"<p>Este domingo se desarroll\u00f3 en Arroyito la segunda fecha del Campeonato Provincial cordob\u00e9s de Rural Bike, en el cual participaron nuevamente varios bikers rafaelinos con destacadas performances.<\/p>\n<p>Estos fueron los mejores ubicados de nuestra ciudad:<\/p>\n<p><strong>Master A1:<\/strong> 3) Dami\u00e1n Sosa.<\/p>\n<p><strong>Master A2:<\/strong> 1) Juan Roggero.<\/p>\n<p><strong>Master B1:<\/strong> 3) Ra\u00fal Boretto.<\/p>\n<p><strong>Master B2:<\/strong> 1) C\u00e9sar Peralta, 2) Walter Ernst.<\/p>\n<p><img loading=\"lazy\" decoding=\"async\" class=\"alignnone size-full wp-image-55792\" src=\"https:\/\/todoapulmon-rafaela.com\/wp-content\/uploads\/2025\/04\/Rural-Arroyito3.jpg\" alt=\"\" width=\"2048\" height=\"1370\" srcset=\"https:\/\/todoapulmon-rafaela.com\/wp-content\/uploads\/2025\/04\/Rural-Arroyito3.jpg 2048w, https:\/\/todoapulmon-rafaela.com\/wp-content\/uploads\/2025\/04\/Rural-Arroyito3-300x201.jpg 300w, https:\/\/todoapulmon-rafaela.com\/wp-content\/uploads\/2025\/04\/Rural-Arroyito3-1536x1028.jpg 1536w\" sizes=\"(max-width: 2048px) 100vw, 2048px\" \/><\/p>\n<p><strong>Master C1:<\/strong> 1) Cristian Inwinkelried, 2) Fabi\u00e1n Realini.<\/p>\n<p><strong>Master C2:<\/strong> 1) Gabriel Schmidt.<\/p>\n<p><strong>Master D2:<\/strong> 2) Rub\u00e9n Tschieder.<\/p>\n<p><strong>Gravel:<\/strong> 1) Guillermo Basso.<\/p>\n<p><strong>Damas A:<\/strong> 2) Natalia S\u00e1nchez, 3) Victoria Delbo.<\/p>\n<p><strong>Damas B:<\/strong> 1) Sonia Ultich, 3) Marina Rossi.<\/p>\n","protected":false},"excerpt":{"rendered":"<p>Este domingo se desarroll\u00f3 en Arroyito la segunda fecha del Campeonato Provincial cordob\u00e9s de Rural Bike, en el cual participaron<\/p>\n","protected":false},"author":2,"featured_media":55791,"comment_status":"closed","ping_status":"closed","sticky":false,"template":"","format":"standard","meta":{"footnotes":""},"categories":[4,24],"tags":[],"class_list":["post-55790","post","type-post","status-publish","format-standard","has-post-thumbnail","hentry","category-ciclismo","category-noticias-destacadas"],"cc_featured_image_caption":{"caption_text":"El podio de la categor\u00eda C1 donde se impuso Cristian Inwinkelried y fue segundo Fabi\u00e1n Realini (Foto Rosana Cuello).","source_text":"","source_url":""},"_links":{"self":[{"href":"https:\/\/todoapulmon-rafaela.com\/index.php\/wp-json\/wp\/v2\/posts\/55790"}],"collection":[{"href":"https:\/\/todoapulmon-rafaela.com\/index.php\/wp-json\/wp\/v2\/posts"}],"about":[{"href":"https:\/\/todoapulmon-rafaela.com\/index.php\/wp-json\/wp\/v2\/types\/post"}],"author":[{"embeddable":true,"href":"https:\/\/todoapulmon-rafaela.com\/index.php\/wp-json\/wp\/v2\/users\/2"}],"replies":[{"embeddable":true,"href":"https:\/\/todoapulmon-rafaela.com\/index.php\/wp-json\/wp\/v2\/comments?post=55790"}],"version-history":[{"count":1,"href":"https:\/\/todoapulmon-rafaela.com\/index.php\/wp-json\/wp\/v2\/posts\/55790\/revisions"}],"predecessor-version":[{"id":55793,"href":"https:\/\/todoapulmon-rafaela.com\/index.php\/wp-json\/wp\/v2\/posts\/55790\/revisions\/55793"}],"wp:featuredmedia":[{"embeddable":true,"href":"https:\/\/todoapulmon-rafaela.com\/index.php\/wp-json\/wp\/v2\/media\/55791"}],"wp:attachment":[{"href":"https:\/\/todoapulmon-rafaela.com\/index.php\/wp-json\/wp\/v2\/media?parent=55790"}],"wp:term":[{"taxonomy":"category","embeddable":true,"href":"https:\/\/todoapulmon-rafaela.com\/index.php\/wp-json\/wp\/v2\/categories?post=55790"},{"taxonomy":"post_tag","embeddable":true,"href":"https:\/\/todoapulmon-rafaela.com\/index.php\/wp-json\/wp\/v2\/tags?post=55790"}],"curies":[{"name":"wp","href":"https:\/\/api.w.org\/{rel}","templated":true}]}}