{"id":55706,"date":"2025-04-11T16:47:49","date_gmt":"2025-04-11T16:47:49","guid":{"rendered":"https:\/\/todoapulmon-rafaela.com\/?p=55706"},"modified":"2025-04-11T16:51:16","modified_gmt":"2025-04-11T16:51:16","slug":"la-arv-vg-en-el-interasociaciones-sub-18","status":"publish","type":"post","link":"https:\/\/todoapulmon-rafaela.com\/index.php\/2025\/04\/11\/la-arv-vg-en-el-interasociaciones-sub-18\/","title":{"rendered":"La ARV VG en el Interasociaciones Sub 18"},"content":{"rendered":"<p>El Torneo Interasociaciones de selecciones de categor\u00eda Sub 18, organizado por la Federaci\u00f3n Santafesina de Voley, se disputa este viernes y s\u00e1bado en San Jer\u00f3nimo Norte con la presencia de la Asociaci\u00f3n Rafaelina \u00abViviana Guntern\u00bb.<\/p>\n<p>El certamen es para la rama masculina y para la rama femenina. En esta \u00faltima participan siete asociaciones, jugando el viernes 11 ser\u00e1 la fase clasificatoria.<\/p>\n<p>El s\u00e1bado 12 ser\u00e1 la fase final, en el cual clasifican los siete equipos. Los primero y segundo de cada zona definir\u00e1n del primero al cuarto puesto, se jugar\u00e1 por el sistema de play off. Para definir del quinto al s\u00e9ptimo puesto se jugar\u00e1 un triangular por suma de puntos. Participar\u00e1n los seleccionados de Rosario, Ca\u00f1adense, Oeste, Noroeste, Santa Fe, Sur Oeste y Rafaelina.<\/p>\n<p>La ARV juega Noroeste, Santafesina y Sur Oeste, en Femenino; mientras que en Masculino enfrenta a la Santafesina y Norte.<\/p>\n<p>Los equipos est\u00e1n integrados de la siguiente manera:<\/p>\n<p>Areco Angeles (Uni\u00f3n)<br \/>\nBitschin Sara (Uni\u00f3n)<br \/>\nComini Giuseppina (9 de Julio)<br \/>\nCoronel Pamela (Uni\u00f3n)<br \/>\nEnrici Ana Paula (Uni\u00f3n)<br \/>\nMilanessio Ana Paula (Uni\u00f3n)<br \/>\nMorlachi Ana Luz (Uni\u00f3n)<br \/>\nOggero Lola (Uni\u00f3n)<br \/>\nReynoso Juana (Libertad)<br \/>\nRomero Angelina (Almagro)<br \/>\nSchilling Sof\u00eda (9 de Julio)<br \/>\nSoria Macarena (Libertad)<\/p>\n<p>Entrenador Jefe: Valentina R\u00e9bola. Asistente: Adriana C\u00e1mara.<\/p>\n<p><img loading=\"lazy\" decoding=\"async\" class=\"alignnone size-full wp-image-55730\" src=\"https:\/\/todoapulmon-rafaela.com\/wp-content\/uploads\/2025\/04\/IMG-20250411-WA0002.jpg\" alt=\"\" width=\"1156\" height=\"867\" srcset=\"https:\/\/todoapulmon-rafaela.com\/wp-content\/uploads\/2025\/04\/IMG-20250411-WA0002.jpg 1156w, https:\/\/todoapulmon-rafaela.com\/wp-content\/uploads\/2025\/04\/IMG-20250411-WA0002-300x225.jpg 300w\" sizes=\"(max-width: 1156px) 100vw, 1156px\" \/><\/p>\n<p>El seleccionado masculino: Entrenador: Alexis Tomatis. Asistente: Brisa Sterren.<\/p>\n<table style=\"width: 109.939%\" width=\"908\">\n<tbody>\n<tr>\n<td style=\"width: 2.97357%\" width=\"23\">N\u00ba<\/td>\n<td style=\"width: 16.0793%\" width=\"148\">Apellido<\/td>\n<td style=\"width: 19.163%\" width=\"177\">Nombre<\/td>\n<td style=\"width: 6.4978%\" width=\"62\"><\/td>\n<td style=\"width: 9.14097%\" width=\"89\"><\/td>\n<td style=\"width: 9.03084%\" width=\"88\"><\/td>\n<td style=\"width: 12.4449%\" width=\"111\">Fecha Nac.<\/td>\n<td style=\"width: 22.3568%\" width=\"210\">CLUB PROCEDENCIA<\/td>\n<\/tr>\n<tr>\n<td style=\"width: 2.97357%\">1<\/td>\n<td style=\"width: 16.0793%\" width=\"148\">ALVAREZ<\/td>\n<td style=\"width: 19.163%\" width=\"177\">RAMIRO<\/td>\n<td style=\"width: 6.4978%\" width=\"62\"><\/td>\n<td style=\"width: 9.14097%\" width=\"89\"><\/td>\n<td style=\"width: 9.03084%\" width=\"88\"><\/td>\n<td style=\"width: 12.4449%\" width=\"111\">19\/11\/2010<\/td>\n<td style=\"width: 22.3568%\" width=\"210\">C. A. 9 de Julio de Rafaela<\/td>\n<\/tr>\n<tr>\n<td style=\"width: 2.97357%\">2<\/td>\n<td style=\"width: 16.0793%\" width=\"148\">BERTONE<\/td>\n<td style=\"width: 19.163%\" width=\"177\">FACUNDO<\/td>\n<td style=\"width: 6.4978%\" width=\"62\"><\/td>\n<td style=\"width: 9.14097%\" width=\"89\"><\/td>\n<td style=\"width: 9.03084%\" width=\"88\"><\/td>\n<td style=\"width: 12.4449%\" width=\"111\">19\/8\/2009<\/td>\n<td style=\"width: 22.3568%\" width=\"210\">Libertad de Sunchales<\/td>\n<\/tr>\n<tr>\n<td style=\"width: 2.97357%\">3<\/td>\n<td style=\"width: 16.0793%\" width=\"148\">BONETTO<\/td>\n<td style=\"width: 19.163%\" width=\"177\">MATEO FABIAN<\/td>\n<td style=\"width: 6.4978%\" width=\"62\"><\/td>\n<td style=\"width: 9.14097%\" width=\"89\"><\/td>\n<td style=\"width: 9.03084%\" width=\"88\"><\/td>\n<td style=\"width: 12.4449%\" width=\"111\">03\/08\/2008<\/td>\n<td style=\"width: 22.3568%\" width=\"210\">Brown de San Vicente<\/td>\n<\/tr>\n<tr>\n<td style=\"width: 2.97357%\">4<\/td>\n<td style=\"width: 16.0793%\" width=\"148\">CARNEVALE<\/td>\n<td style=\"width: 19.163%\" width=\"177\">MAXIMILIANO<\/td>\n<td style=\"width: 6.4978%\" width=\"62\"><\/td>\n<td style=\"width: 9.14097%\" width=\"89\"><\/td>\n<td style=\"width: 9.03084%\" width=\"88\"><\/td>\n<td style=\"width: 12.4449%\" width=\"111\">20\/9\/2007<\/td>\n<td style=\"width: 22.3568%\" width=\"210\">Argentino Football Club<\/td>\n<\/tr>\n<tr>\n<td style=\"width: 2.97357%\">5<\/td>\n<td style=\"width: 16.0793%\" width=\"148\">CHAC\u00d3N<\/td>\n<td style=\"width: 19.163%\" width=\"177\">FACUNDO<\/td>\n<td style=\"width: 6.4978%\" width=\"62\"><\/td>\n<td style=\"width: 9.14097%\" width=\"89\"><\/td>\n<td style=\"width: 9.03084%\" width=\"88\"><\/td>\n<td style=\"width: 12.4449%\" width=\"111\">06\/08\/2009<\/td>\n<td style=\"width: 22.3568%\" width=\"210\">C. A. 9 de Julio de Rafaela<\/td>\n<\/tr>\n<tr>\n<td style=\"width: 2.97357%\">6<\/td>\n<td style=\"width: 16.0793%\" width=\"148\">CHIAPERO<\/td>\n<td style=\"width: 19.163%\" width=\"177\">FERMIN<\/td>\n<td style=\"width: 6.4978%\" width=\"62\"><\/td>\n<td style=\"width: 9.14097%\" width=\"89\"><\/td>\n<td style=\"width: 9.03084%\" width=\"88\"><\/td>\n<td style=\"width: 12.4449%\" width=\"111\">08\/03\/2007<\/td>\n<td style=\"width: 22.3568%\" width=\"210\">Argentino Football Club<\/td>\n<\/tr>\n<tr>\n<td style=\"width: 2.97357%\">7<\/td>\n<td style=\"width: 16.0793%\" width=\"148\">GONSALVES DOS REIS<\/td>\n<td style=\"width: 19.163%\" width=\"177\">ARTHUR IGOR<\/td>\n<td style=\"width: 6.4978%\" width=\"62\"><\/td>\n<td style=\"width: 9.14097%\" width=\"89\"><\/td>\n<td style=\"width: 9.03084%\" width=\"88\"><\/td>\n<td style=\"width: 12.4449%\" width=\"111\">17\/10\/2007<\/td>\n<td style=\"width: 22.3568%\" width=\"210\">Argentino Football Club<\/td>\n<\/tr>\n<tr>\n<td style=\"width: 2.97357%\">8<\/td>\n<td style=\"width: 16.0793%\" width=\"148\">MONTIEL<\/td>\n<td style=\"width: 19.163%\" width=\"177\">SEBASTIAN<\/td>\n<td style=\"width: 6.4978%\" width=\"62\"><\/td>\n<td style=\"width: 9.14097%\" width=\"89\"><\/td>\n<td style=\"width: 9.03084%\" width=\"88\"><\/td>\n<td style=\"width: 12.4449%\" width=\"111\">06\/10\/2008<\/td>\n<td style=\"width: 22.3568%\" width=\"210\">Brown de San Vicente<\/td>\n<\/tr>\n<tr>\n<td style=\"width: 2.97357%\">9<\/td>\n<td style=\"width: 16.0793%\" width=\"148\">ORELLANO<\/td>\n<td style=\"width: 19.163%\" width=\"177\">SANTINO<\/td>\n<td style=\"width: 6.4978%\" width=\"62\"><\/td>\n<td style=\"width: 9.14097%\" width=\"89\"><\/td>\n<td style=\"width: 9.03084%\" width=\"88\"><\/td>\n<td style=\"width: 12.4449%\" width=\"111\">21\/9\/2009<\/td>\n<td style=\"width: 22.3568%\" width=\"210\">C. A. 9 de Julio de Rafaela<\/td>\n<\/tr>\n<tr>\n<td style=\"width: 2.97357%\">10<\/td>\n<td style=\"width: 16.0793%\" width=\"148\">PAEZ<\/td>\n<td style=\"width: 19.163%\" width=\"177\">BAUTISTA M\u00c1XIMO<\/td>\n<td style=\"width: 6.4978%\" width=\"62\"><\/td>\n<td style=\"width: 9.14097%\" width=\"89\"><\/td>\n<td style=\"width: 9.03084%\" width=\"88\"><\/td>\n<td style=\"width: 12.4449%\" width=\"111\">22\/9\/2009<\/td>\n<td style=\"width: 22.3568%\" width=\"210\">C. A. 9 de Julio de Rafaela<\/td>\n<\/tr>\n<tr>\n<td style=\"width: 2.97357%\">11<\/td>\n<td style=\"width: 16.0793%\" width=\"148\">PISCIOLARI<\/td>\n<td style=\"width: 19.163%\" width=\"177\">JUAN IGNACIO<\/td>\n<td style=\"width: 6.4978%\" width=\"62\"><\/td>\n<td style=\"width: 9.14097%\" width=\"89\"><\/td>\n<td style=\"width: 9.03084%\" width=\"88\"><\/td>\n<td style=\"width: 12.4449%\" width=\"111\">07\/06\/2009<\/td>\n<td style=\"width: 22.3568%\" width=\"210\">Uni\u00f3n de Sunchales<\/td>\n<\/tr>\n<tr>\n<td style=\"width: 2.97357%\">12<\/td>\n<td style=\"width: 16.0793%\" width=\"148\">POGONZA<\/td>\n<td style=\"width: 19.163%\" width=\"177\">FELIPE<\/td>\n<td style=\"width: 6.4978%\" width=\"62\"><\/td>\n<td style=\"width: 9.14097%\" width=\"89\"><\/td>\n<td style=\"width: 9.03084%\" width=\"88\"><\/td>\n<td style=\"width: 12.4449%\" width=\"111\">02\/09\/2007<\/td>\n<td style=\"width: 22.3568%\" width=\"210\">C. A. 9 de Julio de Rafela<\/td>\n<\/tr>\n<tr>\n<td style=\"width: 2.97357%\">13<\/td>\n<td style=\"width: 16.0793%\" width=\"148\">SAMANO<\/td>\n<td style=\"width: 19.163%\" width=\"177\">FEDERICO<\/td>\n<td style=\"width: 6.4978%\" width=\"62\"><\/td>\n<td style=\"width: 9.14097%\" width=\"89\"><\/td>\n<td style=\"width: 9.03084%\" width=\"88\"><\/td>\n<td style=\"width: 12.4449%\" width=\"111\">02\/07\/2008<\/td>\n<td style=\"width: 22.3568%\" width=\"210\">Atl\u00e9tico de Rafaela<\/td>\n<\/tr>\n<tr>\n<td style=\"width: 2.97357%\">14<\/td>\n<td style=\"width: 16.0793%\" width=\"148\">SCHANZ<\/td>\n<td style=\"width: 19.163%\" width=\"177\">BAUTISTA<\/td>\n<td style=\"width: 6.4978%\" width=\"62\"><\/td>\n<td style=\"width: 9.14097%\" width=\"89\"><\/td>\n<td style=\"width: 9.03084%\" width=\"88\"><\/td>\n<td style=\"width: 12.4449%\" width=\"111\">19\/3\/2008<\/td>\n<td style=\"width: 22.3568%\" width=\"210\">Atl\u00e9tico de Rafaela<\/td>\n<\/tr>\n<\/tbody>\n<\/table>\n","protected":false},"excerpt":{"rendered":"<p>El Torneo Interasociaciones de selecciones de categor\u00eda Sub 18, organizado por la Federaci\u00f3n Santafesina de Voley, se disputa este viernes<\/p>\n","protected":false},"author":2,"featured_media":55729,"comment_status":"closed","ping_status":"closed","sticky":false,"template":"","format":"standard","meta":{"footnotes":""},"categories":[24,16],"tags":[65],"class_list":["post-55706","post","type-post","status-publish","format-standard","has-post-thumbnail","hentry","category-noticias-destacadas","category-voley","tag-asociacion-rafaelina-de-voley"],"cc_featured_image_caption":{"caption_text":"Foto ARV","source_text":"","source_url":""},"_links":{"self":[{"href":"https:\/\/todoapulmon-rafaela.com\/index.php\/wp-json\/wp\/v2\/posts\/55706"}],"collection":[{"href":"https:\/\/todoapulmon-rafaela.com\/index.php\/wp-json\/wp\/v2\/posts"}],"about":[{"href":"https:\/\/todoapulmon-rafaela.com\/index.php\/wp-json\/wp\/v2\/types\/post"}],"author":[{"embeddable":true,"href":"https:\/\/todoapulmon-rafaela.com\/index.php\/wp-json\/wp\/v2\/users\/2"}],"replies":[{"embeddable":true,"href":"https:\/\/todoapulmon-rafaela.com\/index.php\/wp-json\/wp\/v2\/comments?post=55706"}],"version-history":[{"count":6,"href":"https:\/\/todoapulmon-rafaela.com\/index.php\/wp-json\/wp\/v2\/posts\/55706\/revisions"}],"predecessor-version":[{"id":55733,"href":"https:\/\/todoapulmon-rafaela.com\/index.php\/wp-json\/wp\/v2\/posts\/55706\/revisions\/55733"}],"wp:featuredmedia":[{"embeddable":true,"href":"https:\/\/todoapulmon-rafaela.com\/index.php\/wp-json\/wp\/v2\/media\/55729"}],"wp:attachment":[{"href":"https:\/\/todoapulmon-rafaela.com\/index.php\/wp-json\/wp\/v2\/media?parent=55706"}],"wp:term":[{"taxonomy":"category","embeddable":true,"href":"https:\/\/todoapulmon-rafaela.com\/index.php\/wp-json\/wp\/v2\/categories?post=55706"},{"taxonomy":"post_tag","embeddable":true,"href":"https:\/\/todoapulmon-rafaela.com\/index.php\/wp-json\/wp\/v2\/tags?post=55706"}],"curies":[{"name":"wp","href":"https:\/\/api.w.org\/{rel}","templated":true}]}}