{"id":55683,"date":"2025-04-09T20:32:27","date_gmt":"2025-04-09T20:32:27","guid":{"rendered":"https:\/\/todoapulmon-rafaela.com\/?p=55683"},"modified":"2025-04-09T20:32:27","modified_gmt":"2025-04-09T20:32:27","slug":"representantes-de-runnea-se-destacaron-en-puerto-norte","status":"publish","type":"post","link":"https:\/\/todoapulmon-rafaela.com\/index.php\/2025\/04\/09\/representantes-de-runnea-se-destacaron-en-puerto-norte\/","title":{"rendered":"Representantes de Runnea se destacaron en Puerto Norte"},"content":{"rendered":"<p>Con grandes marcas y nuevas mejor\u00edas personales, el equipo RUNNEA RAFAELA dijo presente el reciente fin de semana en una nueva edici\u00f3n de los 10K y 15K de Puerto Norte, en Rosario, con una destacada participaci\u00f3n y excelentes resultados.<\/p>\n<p><strong>Distancia 10K:<\/strong><br \/>\n&#8211; Yamila Senn: Nuevo Personal Best \u2013 44m15s, logrando el 2\u00b0 puesto en su categor\u00eda.<\/p>\n<p><img loading=\"lazy\" decoding=\"async\" class=\"alignnone size-full wp-image-55687\" src=\"https:\/\/todoapulmon-rafaela.com\/wp-content\/uploads\/2025\/04\/IMG-20250409-WA0013.jpg\" alt=\"\" width=\"720\" height=\"1280\" srcset=\"https:\/\/todoapulmon-rafaela.com\/wp-content\/uploads\/2025\/04\/IMG-20250409-WA0013.jpg 720w, https:\/\/todoapulmon-rafaela.com\/wp-content\/uploads\/2025\/04\/IMG-20250409-WA0013-169x300.jpg 169w\" sizes=\"(max-width: 720px) 100vw, 720px\" \/><\/p>\n<p>&nbsp;<\/p>\n<p>&#8211; Mateo Quiroga: Nuevo Personal Best \u2013 34m23s, clasificando en el 4\u00b0 puesto en su categor\u00eda.<\/p>\n<p>&#8211; Maximiliano Ezequiel P\u00e9rez: Gran performance con un tiempo de 45m38s.<\/p>\n<p>&#8211; Miriam Viglianco: Nuevo Personal Best \u2013 54m01s, superando su marca anterior con gran esfuerzo.<\/p>\n<p>&#8211; Franco Armando Zurbera: Nuevo Personal Best \u2013 38m40s, demostrando un gran crecimiento.<\/p>\n<p><img loading=\"lazy\" decoding=\"async\" class=\"alignnone size-full wp-image-55688\" src=\"https:\/\/todoapulmon-rafaela.com\/wp-content\/uploads\/2025\/04\/IMG-20250409-WA0015.jpg\" alt=\"\" width=\"899\" height=\"1599\" srcset=\"https:\/\/todoapulmon-rafaela.com\/wp-content\/uploads\/2025\/04\/IMG-20250409-WA0015.jpg 899w, https:\/\/todoapulmon-rafaela.com\/wp-content\/uploads\/2025\/04\/IMG-20250409-WA0015-169x300.jpg 169w, https:\/\/todoapulmon-rafaela.com\/wp-content\/uploads\/2025\/04\/IMG-20250409-WA0015-843x1500.jpg 843w, https:\/\/todoapulmon-rafaela.com\/wp-content\/uploads\/2025\/04\/IMG-20250409-WA0015-864x1536.jpg 864w\" sizes=\"(max-width: 899px) 100vw, 899px\" \/><\/p>\n<p>&#8211; Ignacio L\u00f3pez: Nueva Personal Best &#8211; 40m42s, logrando el 1\u00ba puesto en su categor\u00eda.<\/p>\n<p><strong>Distancia 15K<\/strong>:<br \/>\n&#8211; Anabel Leone: Excelente rendimiento con un tiempo de 1h21m50s.<\/p>\n<p><img loading=\"lazy\" decoding=\"async\" class=\"alignnone size-full wp-image-55689\" src=\"https:\/\/todoapulmon-rafaela.com\/wp-content\/uploads\/2025\/04\/IMG-20250409-WA0007-scaled.jpg\" alt=\"\" width=\"1152\" height=\"2560\" srcset=\"https:\/\/todoapulmon-rafaela.com\/wp-content\/uploads\/2025\/04\/IMG-20250409-WA0007-scaled.jpg 1152w, https:\/\/todoapulmon-rafaela.com\/wp-content\/uploads\/2025\/04\/IMG-20250409-WA0007-135x300.jpg 135w, https:\/\/todoapulmon-rafaela.com\/wp-content\/uploads\/2025\/04\/IMG-20250409-WA0007-675x1500.jpg 675w, https:\/\/todoapulmon-rafaela.com\/wp-content\/uploads\/2025\/04\/IMG-20250409-WA0007-691x1536.jpg 691w, https:\/\/todoapulmon-rafaela.com\/wp-content\/uploads\/2025\/04\/IMG-20250409-WA0007-922x2048.jpg 922w\" sizes=\"(max-width: 1152px) 100vw, 1152px\" \/><\/p>\n<p>&#8211; Priscila Carranza: Cruza la meta con un tiempo de 1h30m39s, manteni\u00e9ndose constante en la distancia.<\/p>\n<p>&nbsp;<\/p>\n","protected":false},"excerpt":{"rendered":"<p>Con grandes marcas y nuevas mejor\u00edas personales, el equipo RUNNEA RAFAELA dijo presente el reciente fin de semana en una<\/p>\n","protected":false},"author":2,"featured_media":55685,"comment_status":"closed","ping_status":"closed","sticky":false,"template":"","format":"standard","meta":{"footnotes":""},"categories":[7,24],"tags":[],"class_list":["post-55683","post","type-post","status-publish","format-standard","has-post-thumbnail","hentry","category-atletismo","category-noticias-destacadas"],"cc_featured_image_caption":{"caption_text":"Mateo Quiroga, sexto en la general y cuarto en su categor\u00eda en 10K.","source_text":"","source_url":""},"_links":{"self":[{"href":"https:\/\/todoapulmon-rafaela.com\/index.php\/wp-json\/wp\/v2\/posts\/55683"}],"collection":[{"href":"https:\/\/todoapulmon-rafaela.com\/index.php\/wp-json\/wp\/v2\/posts"}],"about":[{"href":"https:\/\/todoapulmon-rafaela.com\/index.php\/wp-json\/wp\/v2\/types\/post"}],"author":[{"embeddable":true,"href":"https:\/\/todoapulmon-rafaela.com\/index.php\/wp-json\/wp\/v2\/users\/2"}],"replies":[{"embeddable":true,"href":"https:\/\/todoapulmon-rafaela.com\/index.php\/wp-json\/wp\/v2\/comments?post=55683"}],"version-history":[{"count":2,"href":"https:\/\/todoapulmon-rafaela.com\/index.php\/wp-json\/wp\/v2\/posts\/55683\/revisions"}],"predecessor-version":[{"id":55690,"href":"https:\/\/todoapulmon-rafaela.com\/index.php\/wp-json\/wp\/v2\/posts\/55683\/revisions\/55690"}],"wp:featuredmedia":[{"embeddable":true,"href":"https:\/\/todoapulmon-rafaela.com\/index.php\/wp-json\/wp\/v2\/media\/55685"}],"wp:attachment":[{"href":"https:\/\/todoapulmon-rafaela.com\/index.php\/wp-json\/wp\/v2\/media?parent=55683"}],"wp:term":[{"taxonomy":"category","embeddable":true,"href":"https:\/\/todoapulmon-rafaela.com\/index.php\/wp-json\/wp\/v2\/categories?post=55683"},{"taxonomy":"post_tag","embeddable":true,"href":"https:\/\/todoapulmon-rafaela.com\/index.php\/wp-json\/wp\/v2\/tags?post=55683"}],"curies":[{"name":"wp","href":"https:\/\/api.w.org\/{rel}","templated":true}]}}