{"id":55663,"date":"2025-04-08T14:18:37","date_gmt":"2025-04-08T14:18:37","guid":{"rendered":"https:\/\/todoapulmon-rafaela.com\/?p=55663"},"modified":"2025-04-08T14:18:44","modified_gmt":"2025-04-08T14:18:44","slug":"ciclistas-rafaelinas-en-la-vuelta-junior-a-san-juan","status":"publish","type":"post","link":"https:\/\/todoapulmon-rafaela.com\/index.php\/2025\/04\/08\/ciclistas-rafaelinas-en-la-vuelta-junior-a-san-juan\/","title":{"rendered":"Ciclistas rafaelinas en la Vuelta Junior a San Juan"},"content":{"rendered":"<p>Desde el mi\u00e9rcoles 9 al domingo 13 de abril, se celebrar\u00e1 una nueva edici\u00f3n de la Vuelta a San Juan \u2013 Damas y Junior. La competencia de ciclismo en ruta ser\u00e1 exclusivamente femenina y recorrer\u00e1 varios departamentos. Las categor\u00edas sub 23, elite y m\u00e1ster (+45) tendr\u00e1n un pr\u00f3logo y cuatro etapas; mientras que las juveniles s\u00f3lo tres parciales.<\/p>\n<p>Esta carrera de tipo amateur contar\u00e1 con la presencia de equipos locales, nacionales e internacionales.<br \/>\nEn la competencia junior estar\u00e1n las rafaelinas Julia Lambert y Emilia Vaira, integrando el equipo Grupo Paris CCN Quintana, junto a Zoe Franco (oriunda de Las Toscas, que tambi\u00e9n entrena en el Club Ciclista de Rafaela), Agustina Vega y Mar\u00eda P\u00eda Claveles.<\/p>\n<p>La Vuelta a San Juan contar\u00e1 con la organizaci\u00f3n de la Fundaci\u00f3n Planeta Ram\u00edrez, la fiscalizaci\u00f3n de la Federaci\u00f3n Argentina de Ciclismo de Pista y Ruta y el auspicio principal del Gobierno de San Juan.<\/p>\n<p><strong>MAS DETALLES<\/strong><\/p>\n<p>Categor\u00edas: Junior (2007 \u2013 2008 \u2013 2009)<br \/>\nViernes 11 de abril \u2013 Etapa 1 (en l\u00ednea)<br \/>\nDepartamentos: Rivadavia.<br \/>\nConcentraci\u00f3n: 13:00 frente a Complejo Cient\u00edfico Forense, a metros de Hospital Marcial Quiroga.<br \/>\nLargada: 14:00.<br \/>\nTotal: 51 KM aproximadamente.<\/p>\n<p>S\u00e1bado 12 de abril \u2013 Etapa 2 (en l\u00ednea)<br \/>\nDepartamento: Sarmiento:<br \/>\nConcentraci\u00f3n: 13:00 en Plaza Dominguito, Media Agua (frente a Municipalidad de Sarmiento).<br \/>\nLargada: 14:00.<br \/>\nTotal: 63 KM.<\/p>\n<p>Domingo 13 de abril \u2013 Etapa 3 (en l\u00ednea)<br \/>\nDepartamentos: Capital \u2013 Santa Luc\u00eda.<br \/>\nConcentraci\u00f3n: 13:00 en Municipalidad de Capital.<br \/>\nLargada: 14:00.<br \/>\nTotal: 50 KM.<\/p>\n","protected":false},"excerpt":{"rendered":"<p>Desde el mi\u00e9rcoles 9 al domingo 13 de abril, se celebrar\u00e1 una nueva edici\u00f3n de la Vuelta a San Juan<\/p>\n","protected":false},"author":2,"featured_media":55665,"comment_status":"closed","ping_status":"closed","sticky":false,"template":"","format":"standard","meta":{"footnotes":""},"categories":[4,24],"tags":[],"class_list":["post-55663","post","type-post","status-publish","format-standard","has-post-thumbnail","hentry","category-ciclismo","category-noticias-destacadas"],"cc_featured_image_caption":{"caption_text":"Emilia Vaira y Julia Lambert.","source_text":"","source_url":""},"_links":{"self":[{"href":"https:\/\/todoapulmon-rafaela.com\/index.php\/wp-json\/wp\/v2\/posts\/55663"}],"collection":[{"href":"https:\/\/todoapulmon-rafaela.com\/index.php\/wp-json\/wp\/v2\/posts"}],"about":[{"href":"https:\/\/todoapulmon-rafaela.com\/index.php\/wp-json\/wp\/v2\/types\/post"}],"author":[{"embeddable":true,"href":"https:\/\/todoapulmon-rafaela.com\/index.php\/wp-json\/wp\/v2\/users\/2"}],"replies":[{"embeddable":true,"href":"https:\/\/todoapulmon-rafaela.com\/index.php\/wp-json\/wp\/v2\/comments?post=55663"}],"version-history":[{"count":1,"href":"https:\/\/todoapulmon-rafaela.com\/index.php\/wp-json\/wp\/v2\/posts\/55663\/revisions"}],"predecessor-version":[{"id":55664,"href":"https:\/\/todoapulmon-rafaela.com\/index.php\/wp-json\/wp\/v2\/posts\/55663\/revisions\/55664"}],"wp:featuredmedia":[{"embeddable":true,"href":"https:\/\/todoapulmon-rafaela.com\/index.php\/wp-json\/wp\/v2\/media\/55665"}],"wp:attachment":[{"href":"https:\/\/todoapulmon-rafaela.com\/index.php\/wp-json\/wp\/v2\/media?parent=55663"}],"wp:term":[{"taxonomy":"category","embeddable":true,"href":"https:\/\/todoapulmon-rafaela.com\/index.php\/wp-json\/wp\/v2\/categories?post=55663"},{"taxonomy":"post_tag","embeddable":true,"href":"https:\/\/todoapulmon-rafaela.com\/index.php\/wp-json\/wp\/v2\/tags?post=55663"}],"curies":[{"name":"wp","href":"https:\/\/api.w.org\/{rel}","templated":true}]}}