{"id":55650,"date":"2025-04-08T00:43:15","date_gmt":"2025-04-08T00:43:15","guid":{"rendered":"https:\/\/todoapulmon-rafaela.com\/?p=55650"},"modified":"2025-04-08T00:43:15","modified_gmt":"2025-04-08T00:43:15","slug":"se-presento-proyeccion-juliense","status":"publish","type":"post","link":"https:\/\/todoapulmon-rafaela.com\/index.php\/2025\/04\/08\/se-presento-proyeccion-juliense\/","title":{"rendered":"Se present\u00f3 \u00abProyecci\u00f3n Juliense\u00bb"},"content":{"rendered":"<p>Este lunes, en una conferencia de prensa realizada en el Hotel Toscano, se firm\u00f3 el convenio para el lanzamiento del programa \u00abProyecci\u00f3n Juliense\u00bb, destinado a entrenadores y profesores del Club 9 de Julio que tendr\u00e1n la posibilidad de capacitarse en la Diplomatura en Promoci\u00f3n Deportiva, avalada e impulsada tambi\u00e9n por la Fundaci\u00f3n Juliense.<\/p>\n<p>El fin de esta iniciativa es capacitar a los entrenadores en la formaci\u00f3n de diferentes herramientas y llegar, adem\u00e1s, a intercambiar problem\u00e1ticas de inter\u00e9s con los deportistas y sus familias.<\/p>\n<p>Se explayaron durante la presentaci\u00f3n el presidente rojiblanco, Emiliano Montagna, el Rector de la UNRaf, Rub\u00e9n Asc\u00faa, el profesor Mat\u00edas Massari -Director de la Diplomatura-, y el presidente del Consejo de Administraci\u00f3n de la Fundaci\u00f3n Juliense, Sergio Sara, que estuvo acompa\u00f1ado por el vicepresidente Silvio Parola.<\/p>\n<p>\u00abEstamos muy orgullosos de volver a tomar iniciativas para el club, y para toda nuestra comunidad. Innovando como lo hacemos siempre, es algo que nos enorgullece\u00bb, mencion\u00f3 inicialmente Montagna.<\/p>\n<p>En tanto, Sara expres\u00f3 que la iniciativa forma parte de un Plan Trienal que inclu\u00eda la posibilidad de interactuar con los deportistas, apuntando a la salud integral para ellos y all\u00ed es \u00abdonde llegamos a los profes. Surgi\u00f3 la inquietud de que a ellos habia que formarlos y darles herramientos para seguir mejorando\u00bb. Adem\u00e1s hizo hincapi\u00e9 en la parte ambiental, que el Club empez\u00f3 a priorizar desde hace algunos a\u00f1os.<\/p>\n<p>Por su parte, Asc\u00faa puntualiz\u00f3 que \u00abcreemos en la necesidad de vincularnos con el entorno en distintas direcciones, no solamente en la formaci\u00f3n profesional, sino con los estudiantes o potenciales estudiantes no convencionales o no tradicionales\u00bb, en referencia a los profesores de los clubes y en este caso de 9 de Julio.<\/p>\n<p>Acot\u00f3 que \u00abtienen un impacto mucho mas palpable que en el largo plazo de la formaci\u00f3n de recursos humanos, que va por otra v\u00eda\u00bb.<\/p>\n<p>Finalmente, Massari explic\u00f3 algunos detalles de la Diplomatura. \u00abVa a tener una duraci\u00f3n de ocho meses, en cuatro bloques: uno de entrenamiento deportivo, el segundo de deporte y ambiente, luego de nutrici\u00f3n aplicada al deporte y finamente de sicoan\u00e1lisis aplicado al deporte\u00bb.<\/p>\n<p>La carrera empieza el 21 de abril, pero desde este martes el club va a lanzar un link en sus redes para la inscripci\u00f3n de los profes. Se aclara que es para profesores del club 9 de Julio.<\/p>\n","protected":false},"excerpt":{"rendered":"<p>Este lunes, en una conferencia de prensa realizada en el Hotel Toscano, se firm\u00f3 el convenio para el lanzamiento del<\/p>\n","protected":false},"author":2,"featured_media":55651,"comment_status":"closed","ping_status":"closed","sticky":false,"template":"","format":"standard","meta":{"footnotes":""},"categories":[1],"tags":[],"class_list":["post-55650","post","type-post","status-publish","format-standard","has-post-thumbnail","hentry","category-sin-categoria"],"cc_featured_image_caption":{"caption_text":"","source_text":"","source_url":""},"_links":{"self":[{"href":"https:\/\/todoapulmon-rafaela.com\/index.php\/wp-json\/wp\/v2\/posts\/55650"}],"collection":[{"href":"https:\/\/todoapulmon-rafaela.com\/index.php\/wp-json\/wp\/v2\/posts"}],"about":[{"href":"https:\/\/todoapulmon-rafaela.com\/index.php\/wp-json\/wp\/v2\/types\/post"}],"author":[{"embeddable":true,"href":"https:\/\/todoapulmon-rafaela.com\/index.php\/wp-json\/wp\/v2\/users\/2"}],"replies":[{"embeddable":true,"href":"https:\/\/todoapulmon-rafaela.com\/index.php\/wp-json\/wp\/v2\/comments?post=55650"}],"version-history":[{"count":1,"href":"https:\/\/todoapulmon-rafaela.com\/index.php\/wp-json\/wp\/v2\/posts\/55650\/revisions"}],"predecessor-version":[{"id":55652,"href":"https:\/\/todoapulmon-rafaela.com\/index.php\/wp-json\/wp\/v2\/posts\/55650\/revisions\/55652"}],"wp:featuredmedia":[{"embeddable":true,"href":"https:\/\/todoapulmon-rafaela.com\/index.php\/wp-json\/wp\/v2\/media\/55651"}],"wp:attachment":[{"href":"https:\/\/todoapulmon-rafaela.com\/index.php\/wp-json\/wp\/v2\/media?parent=55650"}],"wp:term":[{"taxonomy":"category","embeddable":true,"href":"https:\/\/todoapulmon-rafaela.com\/index.php\/wp-json\/wp\/v2\/categories?post=55650"},{"taxonomy":"post_tag","embeddable":true,"href":"https:\/\/todoapulmon-rafaela.com\/index.php\/wp-json\/wp\/v2\/tags?post=55650"}],"curies":[{"name":"wp","href":"https:\/\/api.w.org\/{rel}","templated":true}]}}