{"id":55532,"date":"2025-04-04T11:56:43","date_gmt":"2025-04-04T11:56:43","guid":{"rendered":"https:\/\/todoapulmon-rafaela.com\/?p=55532"},"modified":"2025-04-04T12:12:20","modified_gmt":"2025-04-04T12:12:20","slug":"un-pasaporte-genetico-la-exigencia-que-se-viene-en-el-atletismo-femenino-internacional","status":"publish","type":"post","link":"https:\/\/todoapulmon-rafaela.com\/index.php\/2025\/04\/04\/un-pasaporte-genetico-la-exigencia-que-se-viene-en-el-atletismo-femenino-internacional\/","title":{"rendered":"Un pasaporte gen\u00e9tico, la exigencia que se viene en el atletismo femenino internacional"},"content":{"rendered":"<p>La Federaci\u00f3n Internacional de Atletismo confirm\u00f3 la semana pasada que a partir del Mundial de Tokio 2025 impondr\u00e1 la prueba gen\u00e9tica para limitar la participaci\u00f3n de mujeres en las competencias de cielo abierto. La medida podr\u00eda funcionar de puntapi\u00e9 para modificar otros deportes y despierta pol\u00e9micas por ir en contra de derechos civiles.<br \/>\nLa World Athletics decidi\u00f3 que quienes busquen competir en pruebas internacionales de atletismo deber\u00e1n contar con un pasaporte gen\u00e9tico que obtendr\u00e1n tras someterse a una prueba de cromosomas en la que buscar\u00e1n detectar si son XX o XY sin sensibilidad a la testosterona. El argumento de esta medida es proteger a la categor\u00eda femenina de las ventajas que pueden sacar tanto las personas transf\u00e9nero como las que padecen una diferencia de desarrollo sexual.<br \/>\nCon este criterio hay muchas organizaciones de derechos humanos que empiezan a levantar la voz porque por un lado no solo discrminar\u00eda a quienes han nacido hombres y transicionaron (el caso m\u00e1s popular es el de la estadounidense Lia Thomas, quien tiene prohibido competir por el organismo que rige el deporte), sino a aquellas mujeres biol\u00f3gicas que tienen una condici\u00f3n que genera que sus organismos produzcan hormonas masculinas, lo que podr\u00eda darle m\u00e1s fuerza y masa muscular.<br \/>\nEn este \u00faltimo sentido, en el deporte mundial hubo dos casos recientes que son un emblema en la reivindicaci\u00f3n del derecho a la inclusi\u00f3n. El m\u00e1s reciente se dio en los Juegos Ol\u00edmpicos de Par\u00eds 2024 cuando la boxeadora argelina Imane Khelif obtuvo la medalla dorada y fue injustamente atacada por tener m\u00e1s testoterona que la mayor\u00eda de sus rivales, lo que supon\u00eda \u00abuna ventaja\u00bb.<\/p>\n<p>El otro caso estuvo en agenda en el ateltismo desde mucho antes y la protagonista fue Caster Semenya. La sudafricana, quien domin\u00f3 en la prueba de 800 metros, padece androgenismo, una condici\u00f3n que hace que pese a ser gen\u00e9ticamente mujer, no tiene \u00fatero sino unos test\u00edculos internos, lo que hace que produzca m\u00e1s testoterona. A ra\u00edz de eso, desde 2009 fue perseguida por la Federaci\u00f3n Internacional de Atletismo, que poco despu\u00e9s la suspendi\u00f3 y oblig\u00f3 a someterse a un tratamiento.<br \/>\nPor el momento, la que tom\u00f3 la iniciativa fue la World Athletics y es incierto c\u00f3mo continuar\u00e1 el conflicto sobre todo en un deporte que arrastra desde hace a\u00f1os reclamos de esta \u00edndole. Tambi\u00e9n habr\u00e1 que mantener la atenci\u00f3n en lo que scueda con las otras federaciones. Pero si deciden avanzar, el deporte como se concibe hoy podr\u00eda dar un giro trascendental.<\/p>\n<p>Con informaci\u00f3n de TyC Sports.<\/p>\n","protected":false},"excerpt":{"rendered":"<p>La Federaci\u00f3n Internacional de Atletismo confirm\u00f3 la semana pasada que a partir del Mundial de Tokio 2025 impondr\u00e1 la prueba<\/p>\n","protected":false},"author":2,"featured_media":55537,"comment_status":"closed","ping_status":"closed","sticky":false,"template":"","format":"standard","meta":{"footnotes":""},"categories":[7],"tags":[],"class_list":["post-55532","post","type-post","status-publish","format-standard","has-post-thumbnail","hentry","category-atletismo"],"cc_featured_image_caption":{"caption_text":"La sudafricana Semenya volvi\u00f3 a competir d\u00edas pasados en fondo.","source_text":"","source_url":""},"_links":{"self":[{"href":"https:\/\/todoapulmon-rafaela.com\/index.php\/wp-json\/wp\/v2\/posts\/55532"}],"collection":[{"href":"https:\/\/todoapulmon-rafaela.com\/index.php\/wp-json\/wp\/v2\/posts"}],"about":[{"href":"https:\/\/todoapulmon-rafaela.com\/index.php\/wp-json\/wp\/v2\/types\/post"}],"author":[{"embeddable":true,"href":"https:\/\/todoapulmon-rafaela.com\/index.php\/wp-json\/wp\/v2\/users\/2"}],"replies":[{"embeddable":true,"href":"https:\/\/todoapulmon-rafaela.com\/index.php\/wp-json\/wp\/v2\/comments?post=55532"}],"version-history":[{"count":3,"href":"https:\/\/todoapulmon-rafaela.com\/index.php\/wp-json\/wp\/v2\/posts\/55532\/revisions"}],"predecessor-version":[{"id":55536,"href":"https:\/\/todoapulmon-rafaela.com\/index.php\/wp-json\/wp\/v2\/posts\/55532\/revisions\/55536"}],"wp:featuredmedia":[{"embeddable":true,"href":"https:\/\/todoapulmon-rafaela.com\/index.php\/wp-json\/wp\/v2\/media\/55537"}],"wp:attachment":[{"href":"https:\/\/todoapulmon-rafaela.com\/index.php\/wp-json\/wp\/v2\/media?parent=55532"}],"wp:term":[{"taxonomy":"category","embeddable":true,"href":"https:\/\/todoapulmon-rafaela.com\/index.php\/wp-json\/wp\/v2\/categories?post=55532"},{"taxonomy":"post_tag","embeddable":true,"href":"https:\/\/todoapulmon-rafaela.com\/index.php\/wp-json\/wp\/v2\/tags?post=55532"}],"curies":[{"name":"wp","href":"https:\/\/api.w.org\/{rel}","templated":true}]}}