{"id":55459,"date":"2025-04-01T11:54:59","date_gmt":"2025-04-01T11:54:59","guid":{"rendered":"https:\/\/todoapulmon-rafaela.com\/?p=55459"},"modified":"2025-04-01T12:10:40","modified_gmt":"2025-04-01T12:10:40","slug":"nadadoras-rafaelinas-con-buenos-resultados-en-santo-tome","status":"publish","type":"post","link":"https:\/\/todoapulmon-rafaela.com\/index.php\/2025\/04\/01\/nadadoras-rafaelinas-con-buenos-resultados-en-santo-tome\/","title":{"rendered":"Nadadoras rafaelinas con buenos resultados en Santo Tom\u00e9"},"content":{"rendered":"<p>El s\u00e1bado 29 de marzo se realiz\u00f3 en el balneario municipal de Santo Tom\u00e9, organizado por la Federaci\u00f3n Santafesina de Nataci\u00f3n, una competencia de aguas abiertas, en el cual participaron nadadoras rafaelinas con meritorias performances.<\/p>\n<p>El circuito boyado tuvo un recorrido de 1.250 metros, con la particularidad que los competidores debieron nadar la mitad de mismo contra la corriente. De acuerdo a sus respectivas categor\u00edas, los nadadores dieron una o dos vueltas para completar la prueba.<\/p>\n<p>Morena L\u00f3pez C\u00f3rdoba (juvenil Federado), representando a Independiente, qued\u00f3 en primer lugar en su categor\u00eda con un tiempo de 45m 23s 81\/100.<\/p>\n<p>Patricia Santill\u00e1n (Master 5 Aficionado), representante de Los Delfines, qued\u00f3 en primer lugar de su categor\u00eda con un tiempo de 26m 34s 46\/100.<\/p>\n<p>Las nadadoras estuvieron asistidas por el entrenador Santiago Bacci.<\/p>\n<p>Cabe mencionar que en el total de las categor\u00edas compitieron 70 nadadores, un importante crecimiento en el n\u00famero, con el incentivo que se trat\u00f3 de un evento clasificatorio para conformar el ranking juvenil y evaluativo para la integraci\u00f3n del seleccionado argentino para el Mundial de Singapur y en el clasificatorio de Medell\u00edn, Colombia. Ese grupo nadaba entre 7,5 y 10 kil\u00f3metros.<\/p>\n","protected":false},"excerpt":{"rendered":"<p>El s\u00e1bado 29 de marzo se realiz\u00f3 en el balneario municipal de Santo Tom\u00e9, organizado por la Federaci\u00f3n Santafesina de<\/p>\n","protected":false},"author":2,"featured_media":55461,"comment_status":"closed","ping_status":"closed","sticky":false,"template":"","format":"standard","meta":{"footnotes":""},"categories":[26,24],"tags":[],"class_list":["post-55459","post","type-post","status-publish","format-standard","has-post-thumbnail","hentry","category-natacion","category-noticias-destacadas"],"cc_featured_image_caption":{"caption_text":"","source_text":"","source_url":""},"_links":{"self":[{"href":"https:\/\/todoapulmon-rafaela.com\/index.php\/wp-json\/wp\/v2\/posts\/55459"}],"collection":[{"href":"https:\/\/todoapulmon-rafaela.com\/index.php\/wp-json\/wp\/v2\/posts"}],"about":[{"href":"https:\/\/todoapulmon-rafaela.com\/index.php\/wp-json\/wp\/v2\/types\/post"}],"author":[{"embeddable":true,"href":"https:\/\/todoapulmon-rafaela.com\/index.php\/wp-json\/wp\/v2\/users\/2"}],"replies":[{"embeddable":true,"href":"https:\/\/todoapulmon-rafaela.com\/index.php\/wp-json\/wp\/v2\/comments?post=55459"}],"version-history":[{"count":2,"href":"https:\/\/todoapulmon-rafaela.com\/index.php\/wp-json\/wp\/v2\/posts\/55459\/revisions"}],"predecessor-version":[{"id":55462,"href":"https:\/\/todoapulmon-rafaela.com\/index.php\/wp-json\/wp\/v2\/posts\/55459\/revisions\/55462"}],"wp:featuredmedia":[{"embeddable":true,"href":"https:\/\/todoapulmon-rafaela.com\/index.php\/wp-json\/wp\/v2\/media\/55461"}],"wp:attachment":[{"href":"https:\/\/todoapulmon-rafaela.com\/index.php\/wp-json\/wp\/v2\/media?parent=55459"}],"wp:term":[{"taxonomy":"category","embeddable":true,"href":"https:\/\/todoapulmon-rafaela.com\/index.php\/wp-json\/wp\/v2\/categories?post=55459"},{"taxonomy":"post_tag","embeddable":true,"href":"https:\/\/todoapulmon-rafaela.com\/index.php\/wp-json\/wp\/v2\/tags?post=55459"}],"curies":[{"name":"wp","href":"https:\/\/api.w.org\/{rel}","templated":true}]}}