{"id":55308,"date":"2025-03-26T15:32:49","date_gmt":"2025-03-26T15:32:49","guid":{"rendered":"https:\/\/todoapulmon-rafaela.com\/?p=55308"},"modified":"2025-03-26T15:33:58","modified_gmt":"2025-03-26T15:33:58","slug":"cinco-atletas-rafaelinos-en-el-nacional-de-mayores-y-cuatro-debutando-con-aefc","status":"publish","type":"post","link":"https:\/\/todoapulmon-rafaela.com\/index.php\/2025\/03\/26\/cinco-atletas-rafaelinos-en-el-nacional-de-mayores-y-cuatro-debutando-con-aefc\/","title":{"rendered":"Cinco atletas rafaelinos en el Nacional de Mayores y cuatro debutando con AEFC"},"content":{"rendered":"<p>La pista del CEF 3 \u2013 Profesor Hugo La Nasa, en Concepci\u00f3n del Uruguay, ser\u00e1 la sede el venidero fin de semana del 105\u00b0 Campeonato Nacional de Mayores.<\/p>\n<p>Dicha ciudad entrerriana, luego de la instalaci\u00f3n de la pista sint\u00e9tica, ha sido el escenario del m\u00e1ximo torneo atl\u00e9tico del pa\u00eds en cuatro veces en los \u00faltimos seis a\u00f1os: 2019, 2021, 2022 y 2023.<\/p>\n<p>En esta oportunidad, se dar\u00e1n cita cinco atletas de nuestra ciudad y ADACA representando al equipo de Santa Fe.<\/p>\n<p>Cuatro de ellos estar\u00e1n haciendo su debut siendo parte de la Academia AEFC, a cargo de los entrenadores Ariel Magallanes y Roc\u00edo Donnet.<\/p>\n<p>Se trata de: Leonela L\u00f3pez (marcha sobre 10.000 metros); Sof\u00eda Fregona (3.000 metros con obst\u00e1culos y 1.500 metros llanos); Benjam\u00edn Castillo Molina (3.000 metros con obst\u00e1culos) y Florencia Berm\u00fadez (3.000 metros con obst\u00e1culos y 1.500 metros llanos).<\/p>\n<p>Magal\u00ed Allassia tuvo que darse de baja por lesi\u00f3n (sobrecarga en su pie), cuando tambi\u00e9n estaba con la expectativa de tener su primera aparici\u00f3n en un Nacional de Mayores.<\/p>\n<p>En tanto, Tom\u00e1s Mondino -que entrena en Buenos Aires- participar\u00e1 en su segundo Nacional de esta categor\u00eda. El velocista ser\u00e1 parte de los 100 y 200 metros llanos, y postas.<\/p>\n<p>Adem\u00e1s, otro atleta entrenado por Magallanes que va a competir es Brian L\u00f3pez, oriundo de Humboldt, en salto en largo, pero que representa a una instituci\u00f3n santafesina.<\/p>\n<p><a href=\"https:\/\/todoapulmon-rafaela.com\/wp-content\/uploads\/2025\/03\/2025-Nacional-Mayores-1.xlsx\">2025 Nacional Mayores\u00a0 (Equipo Santa Fe).<\/a><\/p>\n<p>&nbsp;<\/p>\n","protected":false},"excerpt":{"rendered":"<p>La pista del CEF 3 \u2013 Profesor Hugo La Nasa, en Concepci\u00f3n del Uruguay, ser\u00e1 la sede el venidero fin<\/p>\n","protected":false},"author":2,"featured_media":55313,"comment_status":"closed","ping_status":"closed","sticky":false,"template":"","format":"standard","meta":{"footnotes":""},"categories":[7,24],"tags":[],"class_list":["post-55308","post","type-post","status-publish","format-standard","has-post-thumbnail","hentry","category-atletismo","category-noticias-destacadas"],"cc_featured_image_caption":{"caption_text":"Sof\u00eda Fregona, Leonela L\u00f3pez, Benjam\u00edn Castillo Molina, Florencia Berm\u00fadez y Tom\u00e1s Mondino.","source_text":"","source_url":""},"_links":{"self":[{"href":"https:\/\/todoapulmon-rafaela.com\/index.php\/wp-json\/wp\/v2\/posts\/55308"}],"collection":[{"href":"https:\/\/todoapulmon-rafaela.com\/index.php\/wp-json\/wp\/v2\/posts"}],"about":[{"href":"https:\/\/todoapulmon-rafaela.com\/index.php\/wp-json\/wp\/v2\/types\/post"}],"author":[{"embeddable":true,"href":"https:\/\/todoapulmon-rafaela.com\/index.php\/wp-json\/wp\/v2\/users\/2"}],"replies":[{"embeddable":true,"href":"https:\/\/todoapulmon-rafaela.com\/index.php\/wp-json\/wp\/v2\/comments?post=55308"}],"version-history":[{"count":2,"href":"https:\/\/todoapulmon-rafaela.com\/index.php\/wp-json\/wp\/v2\/posts\/55308\/revisions"}],"predecessor-version":[{"id":55312,"href":"https:\/\/todoapulmon-rafaela.com\/index.php\/wp-json\/wp\/v2\/posts\/55308\/revisions\/55312"}],"wp:featuredmedia":[{"embeddable":true,"href":"https:\/\/todoapulmon-rafaela.com\/index.php\/wp-json\/wp\/v2\/media\/55313"}],"wp:attachment":[{"href":"https:\/\/todoapulmon-rafaela.com\/index.php\/wp-json\/wp\/v2\/media?parent=55308"}],"wp:term":[{"taxonomy":"category","embeddable":true,"href":"https:\/\/todoapulmon-rafaela.com\/index.php\/wp-json\/wp\/v2\/categories?post=55308"},{"taxonomy":"post_tag","embeddable":true,"href":"https:\/\/todoapulmon-rafaela.com\/index.php\/wp-json\/wp\/v2\/tags?post=55308"}],"curies":[{"name":"wp","href":"https:\/\/api.w.org\/{rel}","templated":true}]}}