{"id":5524,"date":"2017-04-03T01:39:18","date_gmt":"2017-04-03T01:39:18","guid":{"rendered":"http:\/\/todoapulmon-rafaela.com\/?p=5524"},"modified":"2017-04-03T01:39:18","modified_gmt":"2017-04-03T01:39:18","slug":"dos-victorias-en-el-comienzo-del-apertura-de-juveniles","status":"publish","type":"post","link":"https:\/\/todoapulmon-rafaela.com\/index.php\/2017\/04\/03\/dos-victorias-en-el-comienzo-del-apertura-de-juveniles\/","title":{"rendered":"Dos victorias en el comienzo del Apertura de juveniles"},"content":{"rendered":"<p>El d\u00eda s\u00e1bado las categor\u00edas j<span lang=\"ES\">uveniles de CRAR recibieron a Cha Roga en uno de los juegos correspondientes a la primera fecha del torneo Apertura que organiza la Uni\u00f3n Santafesina de Rugby. En la oportunidad ganaron dos de los cuatro encuentros disputados en Rafaela.<\/span><\/p>\n<p><span lang=\"ES\">El M-15 del C\u00edrculo Rafaelino tuvo su estreno oficial en la competici\u00f3n, tras dejar el rugby Infantil, con un triunfo por 26 a 14. La otra divisional del \u2018Verde\u2019 que gan\u00f3 fue el M-17, que se impuso por 14 a 12. En los otros dos encuentros fueron los de Santo Tom\u00e9 los que se llevaron las victorias, por 26-24 en M-16 y 25-20 en el M-19.<\/span><\/p>\n<p><span lang=\"ES\">El pr\u00f3ximo s\u00e1bado 8 de abril CRAR volver\u00e1 a ser local, en dicha oportunidad, recibiendo a Alma Juniors de Esperanza en uno de los compromisos de la 2\u00ba fecha de la zona A.\u00a0<\/span><\/p>\n","protected":false},"excerpt":{"rendered":"<p>El d\u00eda s\u00e1bado las categor\u00edas juveniles de CRAR recibieron a Cha Roga en uno de los juegos correspondientes a la<\/p>\n","protected":false},"author":2,"featured_media":5525,"comment_status":"open","ping_status":"open","sticky":false,"template":"","format":"standard","meta":{"footnotes":""},"categories":[2],"tags":[],"class_list":["post-5524","post","type-post","status-publish","format-standard","has-post-thumbnail","hentry","category-rugby"],"cc_featured_image_caption":{"caption_text":"CRAR fue local ante Cha Roga en el comienzo de la temporada oficial de juveniles.","source_text":"","source_url":""},"_links":{"self":[{"href":"https:\/\/todoapulmon-rafaela.com\/index.php\/wp-json\/wp\/v2\/posts\/5524"}],"collection":[{"href":"https:\/\/todoapulmon-rafaela.com\/index.php\/wp-json\/wp\/v2\/posts"}],"about":[{"href":"https:\/\/todoapulmon-rafaela.com\/index.php\/wp-json\/wp\/v2\/types\/post"}],"author":[{"embeddable":true,"href":"https:\/\/todoapulmon-rafaela.com\/index.php\/wp-json\/wp\/v2\/users\/2"}],"replies":[{"embeddable":true,"href":"https:\/\/todoapulmon-rafaela.com\/index.php\/wp-json\/wp\/v2\/comments?post=5524"}],"version-history":[{"count":1,"href":"https:\/\/todoapulmon-rafaela.com\/index.php\/wp-json\/wp\/v2\/posts\/5524\/revisions"}],"predecessor-version":[{"id":5526,"href":"https:\/\/todoapulmon-rafaela.com\/index.php\/wp-json\/wp\/v2\/posts\/5524\/revisions\/5526"}],"wp:featuredmedia":[{"embeddable":true,"href":"https:\/\/todoapulmon-rafaela.com\/index.php\/wp-json\/wp\/v2\/media\/5525"}],"wp:attachment":[{"href":"https:\/\/todoapulmon-rafaela.com\/index.php\/wp-json\/wp\/v2\/media?parent=5524"}],"wp:term":[{"taxonomy":"category","embeddable":true,"href":"https:\/\/todoapulmon-rafaela.com\/index.php\/wp-json\/wp\/v2\/categories?post=5524"},{"taxonomy":"post_tag","embeddable":true,"href":"https:\/\/todoapulmon-rafaela.com\/index.php\/wp-json\/wp\/v2\/tags?post=5524"}],"curies":[{"name":"wp","href":"https:\/\/api.w.org\/{rel}","templated":true}]}}