{"id":55216,"date":"2025-03-22T22:00:45","date_gmt":"2025-03-22T22:00:45","guid":{"rendered":"https:\/\/todoapulmon-rafaela.com\/?p=55216"},"modified":"2025-03-22T23:39:47","modified_gmt":"2025-03-22T23:39:47","slug":"crar-se-impuso-ante-la-salle-por-la-copa-santa-fe","status":"publish","type":"post","link":"https:\/\/todoapulmon-rafaela.com\/index.php\/2025\/03\/22\/crar-se-impuso-ante-la-salle-por-la-copa-santa-fe\/","title":{"rendered":"CRAR se impuso ante La Salle por la Copa Santa Fe"},"content":{"rendered":"<p>El C\u00edrculo Rafaelino de Rugby derrot\u00f3 este s\u00e1bado como local a La Salle de Santa Fe por 26 a 17 en el partido de la primera fecha de la Copa Santa Fe. Al cabo del primer tiempo la visita se impon\u00eda por 7 a 5.<\/p>\n<p>Este encuentro sirvi\u00f3, adem\u00e1s, de \u00faltimo ensayo para la escuadra dirigida por Nicol\u00e1s Guti\u00e9rrez para encarar desde el s\u00e1bado 29 de marzo el TRL de Segunda Divisi\u00f3n, en el que debutar\u00e1 visitando a Los Caranchos de Rosario.<\/p>\n<p>Los puntos del equipo rafaelino fueron por los tries de Lautaro Duria (22&#8242; PT); Nahuel Rojas (19&#8242; ST); Manuel Mandrille (23&#8242; ST) y Gonzalo Clemenz (28&#8242; ST), m\u00e1s tres conversiones de Santiago Kerstens.<\/p>\n<p><img loading=\"lazy\" decoding=\"async\" class=\"alignnone size-full wp-image-55217\" src=\"https:\/\/todoapulmon-rafaela.com\/wp-content\/uploads\/2025\/03\/P1540319_resultado.jpg\" alt=\"\" width=\"1600\" height=\"1200\" srcset=\"https:\/\/todoapulmon-rafaela.com\/wp-content\/uploads\/2025\/03\/P1540319_resultado.jpg 1600w, https:\/\/todoapulmon-rafaela.com\/wp-content\/uploads\/2025\/03\/P1540319_resultado-300x225.jpg 300w, https:\/\/todoapulmon-rafaela.com\/wp-content\/uploads\/2025\/03\/P1540319_resultado-1536x1152.jpg 1536w\" sizes=\"(max-width: 1600px) 100vw, 1600px\" \/><\/p>\n<p>La formaci\u00f3n inicial del Verde fue con Nahuel Rojas, Lautaro Duria y Santiago Clemenz; Facundo Aimo y Ticiano Hang; Gonzalo Clemenz, Facundo Ledesma y Pedro Mandrille; Esteban Appo y Valentino Appo; Mateo Villar, Leonardo Sabellotti, Manuel Mandrille, Mateo Ferrero; Santiago Kerstens.<\/p>\n<p>Cambios: Mart\u00edn Barberis por Duria; Francisco Ambort por Rojas; Lucas Canello por Ledesma; Gian Allasino por Pedro Mandrille; Francisco Fuglini por Villar y Santiago Albrecht por Allasino.<\/p>\n<p>En los otros partidos de la Zona B de este certamen impulsado por el gobierno santafesino y organizado por la USR, Santa Fe RC super\u00f3 a Brown de San Vicente por 32 a 13 y Coronda RC le gan\u00f3 como visitante a Guaycur\u00faes de Sunchales por 31 a 0.<\/p>\n","protected":false},"excerpt":{"rendered":"<p>El C\u00edrculo Rafaelino de Rugby derrot\u00f3 este s\u00e1bado como local a La Salle de Santa Fe por 26 a 17<\/p>\n","protected":false},"author":2,"featured_media":55218,"comment_status":"closed","ping_status":"closed","sticky":false,"template":"","format":"standard","meta":{"footnotes":""},"categories":[24,2],"tags":[],"class_list":["post-55216","post","type-post","status-publish","format-standard","has-post-thumbnail","hentry","category-noticias-destacadas","category-rugby"],"cc_featured_image_caption":{"caption_text":"","source_text":"","source_url":""},"_links":{"self":[{"href":"https:\/\/todoapulmon-rafaela.com\/index.php\/wp-json\/wp\/v2\/posts\/55216"}],"collection":[{"href":"https:\/\/todoapulmon-rafaela.com\/index.php\/wp-json\/wp\/v2\/posts"}],"about":[{"href":"https:\/\/todoapulmon-rafaela.com\/index.php\/wp-json\/wp\/v2\/types\/post"}],"author":[{"embeddable":true,"href":"https:\/\/todoapulmon-rafaela.com\/index.php\/wp-json\/wp\/v2\/users\/2"}],"replies":[{"embeddable":true,"href":"https:\/\/todoapulmon-rafaela.com\/index.php\/wp-json\/wp\/v2\/comments?post=55216"}],"version-history":[{"count":4,"href":"https:\/\/todoapulmon-rafaela.com\/index.php\/wp-json\/wp\/v2\/posts\/55216\/revisions"}],"predecessor-version":[{"id":55230,"href":"https:\/\/todoapulmon-rafaela.com\/index.php\/wp-json\/wp\/v2\/posts\/55216\/revisions\/55230"}],"wp:featuredmedia":[{"embeddable":true,"href":"https:\/\/todoapulmon-rafaela.com\/index.php\/wp-json\/wp\/v2\/media\/55218"}],"wp:attachment":[{"href":"https:\/\/todoapulmon-rafaela.com\/index.php\/wp-json\/wp\/v2\/media?parent=55216"}],"wp:term":[{"taxonomy":"category","embeddable":true,"href":"https:\/\/todoapulmon-rafaela.com\/index.php\/wp-json\/wp\/v2\/categories?post=55216"},{"taxonomy":"post_tag","embeddable":true,"href":"https:\/\/todoapulmon-rafaela.com\/index.php\/wp-json\/wp\/v2\/tags?post=55216"}],"curies":[{"name":"wp","href":"https:\/\/api.w.org\/{rel}","templated":true}]}}