{"id":55170,"date":"2025-03-21T12:43:04","date_gmt":"2025-03-21T12:43:04","guid":{"rendered":"https:\/\/todoapulmon-rafaela.com\/?p=55170"},"modified":"2025-03-21T12:43:04","modified_gmt":"2025-03-21T12:43:04","slug":"crar-ante-la-salle-por-la-copa-santa-fe","status":"publish","type":"post","link":"https:\/\/todoapulmon-rafaela.com\/index.php\/2025\/03\/21\/crar-ante-la-salle-por-la-copa-santa-fe\/","title":{"rendered":"CRAR ante La Salle por la Copa Santa Fe"},"content":{"rendered":"<p>Con formato diferente y m\u00e1s temprano en la temporada, este s\u00e1bado se pondr\u00e1 en marcha la Copa Santa Fe de Rugby, con la presentaci\u00f3n del C\u00edrculo Rafaelino recibiendo a La Salle desde las 16 en el partido principal con el arbitraje de Joaqu\u00edn Zapata. Previamente, a las 14.30, jugar\u00e1n en Reserva con el contralor de Gustavo Rostagno.<\/p>\n<p>Este encuentro servir\u00e1, adem\u00e1s, como \u00faltimo ajuste para ambos equipos de cara al comienzo del Torneo Regional del Litoral de segunda divisi\u00f3n, programado para el s\u00e1bado 29 de marzo y donde CRAR estar\u00e1 visitando a Los Caranchos de Rosario.<\/p>\n<p>El partido entre el conjunto de nuestra ciudad y el santafesino corresponde a la Zona B del certamen organizado por el gobierno provincial, que se ir\u00e1 mechando durante la temporada en las ventanas del TRL, que ser\u00e1n varias por la disputa durante el a\u00f1o del Torneo del Interior.<\/p>\n<p>Los dem\u00e1s encuentros de esta zona ser\u00e1n: Santa Fe RC vs. Brown de San Vicente y Los Guaycur\u00faes de Sunchales\/San Jorge vs. Coronda\/San Carlos.<\/p>\n<p>Las restantes fechas ya est\u00e1n estipuladas: 2\u00aa el 26 de abril (Brown vs. CRAR); 3\u00aa el 17 de mayo (CRAR vs. Sunchales\/San Jorge); 4\u00aa 28 de junio (CRAR vs. Santa Fe RC) y 5\u00aa 26 de julio (CRAR vs. Coronda\/San Carlos).<br \/>\nEn la Zona A, este fin de semana jugar\u00e1n: CRAI vs. Cha Roga y Alma Juniors vs. Universitario, quedando libre Querand\u00ed. Las semifinales est\u00e1n previstas para el 30 de agosto y la final para el 20 de septiembre.<\/p>\n","protected":false},"excerpt":{"rendered":"<p>Con formato diferente y m\u00e1s temprano en la temporada, este s\u00e1bado se pondr\u00e1 en marcha la Copa Santa Fe de<\/p>\n","protected":false},"author":2,"featured_media":55196,"comment_status":"closed","ping_status":"closed","sticky":false,"template":"","format":"standard","meta":{"footnotes":""},"categories":[24,2],"tags":[],"class_list":["post-55170","post","type-post","status-publish","format-standard","has-post-thumbnail","hentry","category-noticias-destacadas","category-rugby"],"cc_featured_image_caption":{"caption_text":"","source_text":"","source_url":""},"_links":{"self":[{"href":"https:\/\/todoapulmon-rafaela.com\/index.php\/wp-json\/wp\/v2\/posts\/55170"}],"collection":[{"href":"https:\/\/todoapulmon-rafaela.com\/index.php\/wp-json\/wp\/v2\/posts"}],"about":[{"href":"https:\/\/todoapulmon-rafaela.com\/index.php\/wp-json\/wp\/v2\/types\/post"}],"author":[{"embeddable":true,"href":"https:\/\/todoapulmon-rafaela.com\/index.php\/wp-json\/wp\/v2\/users\/2"}],"replies":[{"embeddable":true,"href":"https:\/\/todoapulmon-rafaela.com\/index.php\/wp-json\/wp\/v2\/comments?post=55170"}],"version-history":[{"count":2,"href":"https:\/\/todoapulmon-rafaela.com\/index.php\/wp-json\/wp\/v2\/posts\/55170\/revisions"}],"predecessor-version":[{"id":55197,"href":"https:\/\/todoapulmon-rafaela.com\/index.php\/wp-json\/wp\/v2\/posts\/55170\/revisions\/55197"}],"wp:featuredmedia":[{"embeddable":true,"href":"https:\/\/todoapulmon-rafaela.com\/index.php\/wp-json\/wp\/v2\/media\/55196"}],"wp:attachment":[{"href":"https:\/\/todoapulmon-rafaela.com\/index.php\/wp-json\/wp\/v2\/media?parent=55170"}],"wp:term":[{"taxonomy":"category","embeddable":true,"href":"https:\/\/todoapulmon-rafaela.com\/index.php\/wp-json\/wp\/v2\/categories?post=55170"},{"taxonomy":"post_tag","embeddable":true,"href":"https:\/\/todoapulmon-rafaela.com\/index.php\/wp-json\/wp\/v2\/tags?post=55170"}],"curies":[{"name":"wp","href":"https:\/\/api.w.org\/{rel}","templated":true}]}}