{"id":54942,"date":"2025-03-11T11:30:32","date_gmt":"2025-03-11T11:30:32","guid":{"rendered":"https:\/\/todoapulmon-rafaela.com\/?p=54942"},"modified":"2025-03-11T11:30:32","modified_gmt":"2025-03-11T11:30:32","slug":"bikers-rafaelinos-corrieron-en-chilecito-por-el-argentino","status":"publish","type":"post","link":"https:\/\/todoapulmon-rafaela.com\/index.php\/2025\/03\/11\/bikers-rafaelinos-corrieron-en-chilecito-por-el-argentino\/","title":{"rendered":"Bikers rafaelinos corrieron en Chilecito por el Argentino"},"content":{"rendered":"<p>Chilecito fue sede de una fecha del Campeonato Argentino de XC Marathon de Mountain Bike el pasado domingo y all\u00ed estuvieron presentes algunos bikers rafaelinos que tuvieron meritorios desempe\u00f1os.<br \/>\nEn esta jornada del certamen que fiscaliza la Federaci\u00f3n Argentina de Ciclismo de Monta\u00f1a, la competencia \u201cCable Carril\u201d la prueba tuvo cambio de circuito a \u00faltimo momento, debido a la crecida del rio en la zona de Guanch\u00edn, finalmente se realiz\u00f3 en un circuito de 30K del agrado de los m\u00e1s de trescientos pedalistas que llegaron de diferentes puntos del pa\u00eds.<br \/>\nDe acuerdo de cada categor\u00eda, fueron las vueltas recorridas, con largada y llegada en el circuito La Olla.<br \/>\nEstos fueron los resultados de los rafaelinos:<br \/>\n<strong>Master B1<\/strong><br \/>\n23) Fernando Rosso.<\/p>\n<p><strong>Master B2<\/strong><br \/>\n10) Mat\u00edas Dominino.<\/p>\n<p><strong>Master C1<\/strong><br \/>\n19) Maximiliano Briggiler.<\/p>\n<p><strong>Master C2<\/strong><br \/>\n10) Diego Drubich.<\/p>\n<p><strong>Master D1<\/strong><br \/>\n6) Norberto Willener.<\/p>\n<p>La categor\u00eda Elite tuvo un gran definici\u00f3n, porque fue mano a mano entre el local Agust\u00edn Dur\u00e1n y Catriel Soto, donde el ol\u00edmpico entrerriano se llev\u00f3 el sprint final por cuatro segundos por sobre el pedalista chilecite\u00f1o. Tercero fue el mendocino Fernando Contreras, y cuarto puesto para el chilecite\u00f1o Joaqu\u00edn Vera, m\u00e1s atr\u00e1s en el quinto puesto el cordob\u00e9s Federico Jankunas.<br \/>\nEn el Femenino Elite, campeona In\u00e9s Guti\u00e9rrez (San Juan), segunda Maria Laura Bugar\u00edn (Mendoza) y el podio lo complet\u00f3 Aldana Silman (Tucum\u00e1n).<\/p>\n","protected":false},"excerpt":{"rendered":"<p>Chilecito fue sede de una fecha del Campeonato Argentino de XC Marathon de Mountain Bike el pasado domingo y all\u00ed<\/p>\n","protected":false},"author":2,"featured_media":54944,"comment_status":"closed","ping_status":"closed","sticky":false,"template":"","format":"standard","meta":{"footnotes":""},"categories":[4,24],"tags":[],"class_list":["post-54942","post","type-post","status-publish","format-standard","has-post-thumbnail","hentry","category-ciclismo","category-noticias-destacadas"],"cc_featured_image_caption":{"caption_text":"Foto IG Norberto Willener","source_text":"","source_url":""},"_links":{"self":[{"href":"https:\/\/todoapulmon-rafaela.com\/index.php\/wp-json\/wp\/v2\/posts\/54942"}],"collection":[{"href":"https:\/\/todoapulmon-rafaela.com\/index.php\/wp-json\/wp\/v2\/posts"}],"about":[{"href":"https:\/\/todoapulmon-rafaela.com\/index.php\/wp-json\/wp\/v2\/types\/post"}],"author":[{"embeddable":true,"href":"https:\/\/todoapulmon-rafaela.com\/index.php\/wp-json\/wp\/v2\/users\/2"}],"replies":[{"embeddable":true,"href":"https:\/\/todoapulmon-rafaela.com\/index.php\/wp-json\/wp\/v2\/comments?post=54942"}],"version-history":[{"count":1,"href":"https:\/\/todoapulmon-rafaela.com\/index.php\/wp-json\/wp\/v2\/posts\/54942\/revisions"}],"predecessor-version":[{"id":54943,"href":"https:\/\/todoapulmon-rafaela.com\/index.php\/wp-json\/wp\/v2\/posts\/54942\/revisions\/54943"}],"wp:featuredmedia":[{"embeddable":true,"href":"https:\/\/todoapulmon-rafaela.com\/index.php\/wp-json\/wp\/v2\/media\/54944"}],"wp:attachment":[{"href":"https:\/\/todoapulmon-rafaela.com\/index.php\/wp-json\/wp\/v2\/media?parent=54942"}],"wp:term":[{"taxonomy":"category","embeddable":true,"href":"https:\/\/todoapulmon-rafaela.com\/index.php\/wp-json\/wp\/v2\/categories?post=54942"},{"taxonomy":"post_tag","embeddable":true,"href":"https:\/\/todoapulmon-rafaela.com\/index.php\/wp-json\/wp\/v2\/tags?post=54942"}],"curies":[{"name":"wp","href":"https:\/\/api.w.org\/{rel}","templated":true}]}}