{"id":54691,"date":"2025-02-25T19:39:34","date_gmt":"2025-02-25T19:39:34","guid":{"rendered":"https:\/\/todoapulmon-rafaela.com\/?p=54691"},"modified":"2025-02-25T19:40:24","modified_gmt":"2025-02-25T19:40:24","slug":"programa-del-argentino-de-ruta-para-menores-y-junior","status":"publish","type":"post","link":"https:\/\/todoapulmon-rafaela.com\/index.php\/2025\/02\/25\/programa-del-argentino-de-ruta-para-menores-y-junior\/","title":{"rendered":"Programa del Argentino de Ruta para Menores y Junior"},"content":{"rendered":"<p>La Asociaci\u00f3n Ciclista Juninense organiza, con la fiscalizaci\u00f3n de la Federaci\u00f3n Argentina de Ciclismo Pista y Ruta, el CAMPEONATO ARGENTINO DE RUTA, CATEGOR\u00cdAS MENORES Y JUNIOR (Damas y Varones) durante los d\u00edas 20 al 23 de marzo de 2025.<\/p>\n<p>La competencia se realizar\u00e1 en el aut\u00f3dromo \u00abEusebio Marcilla\u00bb, de 4200 metros, y tendr\u00e1 la presencia de varios corredores de nuestra ciudad.<\/p>\n<p>Este es el programa:<\/p>\n<p><strong>Viernes 21 DE MARZO<\/strong><br \/>\n08:00 Concentraci\u00f3n \u2013 Largada, Aut\u00f3dromo EUSEBIO MARCILLA:<br \/>\n09:00 CRI \u2013 Categor\u00eda Varones Junior Clases 2007 \/ 2008 4 Vueltas Cupo Libre<br \/>\n11:00 CRI \u2013 Categor\u00eda Damas Junior Clases 2007 \/ 2008 2 Vueltas Cupo Libre<br \/>\n14:00 CRI \u2013 Categor\u00eda Varones Clase 2009 2 Vueltas Cupo Libre<br \/>\n16:00. CRI \u2013 Categor\u00eda Damas Clase 2009 1 Vueltas Cupo Libre<br \/>\n17:30 Coronaci\u00f3n<br \/>\nEstos horarios pueden variar dependiendo de la cantidad de inscriptos.<\/p>\n<p><strong>S\u00c1BADO 22 DE MARZO<\/strong><br \/>\n08:30 Concentraci\u00f3n \u2013 Aut\u00f3dromo EUSEBIO MARCILLA<br \/>\n09:30 Prueba en L\u00ednea Categor\u00eda Damas Clases 2011 \/ 2012 \/ 2013 Cupo Libre 3 Vueltas<br \/>\n10:30 Prueba en L\u00ednea Categor\u00eda Varones Clase 2012 \/ 2013 Cupo 7 x Asoc. 3 Vueltas<br \/>\n11:30 Prueba en L\u00ednea Categor\u00eda Varones Clase 2011 Cupo 7 x Asoc. 8 Vueltas<br \/>\n14:00 Prueba en L\u00ednea Categor\u00eda Varones Clase 2010 Cupo 7 x Asoc. 9 Vueltas<br \/>\n16:00 Coronaci\u00f3n.<\/p>\n<p><strong>DOMINGO 23 DE MARZO:<\/strong><br \/>\n07:30 Concentraci\u00f3n \u2013 Aut\u00f3dromo EUSEBIO MARCILLA<br \/>\n08:30 Prueba en L\u00ednea Categor\u00eda Damas Clases 2009 \/ 2010 Cupo Libre 10 Vueltas<br \/>\n10:00 Prueba en L\u00ednea Categor\u00eda Damas Junior 2007 \/ 2008 Cupo Libre 15 Vueltas<br \/>\n12:30 Prueba en L\u00ednea Categor\u00eda Varones Clase 2009 Cupo 7 x Asoc. 15 Vueltas<br \/>\n15:00 Prueba en L\u00ednea Categor\u00eda Varones Junior 2007 \/ 2008 Cupo 9 x Asoc. 23 Vueltas<br \/>\nCoronaci\u00f3n al finalizar el programa.<\/p>\n<p>&nbsp;<\/p>\n","protected":false},"excerpt":{"rendered":"<p>La Asociaci\u00f3n Ciclista Juninense organiza, con la fiscalizaci\u00f3n de la Federaci\u00f3n Argentina de Ciclismo Pista y Ruta, el CAMPEONATO ARGENTINO<\/p>\n","protected":false},"author":2,"featured_media":54692,"comment_status":"closed","ping_status":"closed","sticky":false,"template":"","format":"standard","meta":{"footnotes":""},"categories":[4,24],"tags":[],"class_list":["post-54691","post","type-post","status-publish","format-standard","has-post-thumbnail","hentry","category-ciclismo","category-noticias-destacadas"],"cc_featured_image_caption":{"caption_text":"","source_text":"","source_url":""},"_links":{"self":[{"href":"https:\/\/todoapulmon-rafaela.com\/index.php\/wp-json\/wp\/v2\/posts\/54691"}],"collection":[{"href":"https:\/\/todoapulmon-rafaela.com\/index.php\/wp-json\/wp\/v2\/posts"}],"about":[{"href":"https:\/\/todoapulmon-rafaela.com\/index.php\/wp-json\/wp\/v2\/types\/post"}],"author":[{"embeddable":true,"href":"https:\/\/todoapulmon-rafaela.com\/index.php\/wp-json\/wp\/v2\/users\/2"}],"replies":[{"embeddable":true,"href":"https:\/\/todoapulmon-rafaela.com\/index.php\/wp-json\/wp\/v2\/comments?post=54691"}],"version-history":[{"count":2,"href":"https:\/\/todoapulmon-rafaela.com\/index.php\/wp-json\/wp\/v2\/posts\/54691\/revisions"}],"predecessor-version":[{"id":54694,"href":"https:\/\/todoapulmon-rafaela.com\/index.php\/wp-json\/wp\/v2\/posts\/54691\/revisions\/54694"}],"wp:featuredmedia":[{"embeddable":true,"href":"https:\/\/todoapulmon-rafaela.com\/index.php\/wp-json\/wp\/v2\/media\/54692"}],"wp:attachment":[{"href":"https:\/\/todoapulmon-rafaela.com\/index.php\/wp-json\/wp\/v2\/media?parent=54691"}],"wp:term":[{"taxonomy":"category","embeddable":true,"href":"https:\/\/todoapulmon-rafaela.com\/index.php\/wp-json\/wp\/v2\/categories?post=54691"},{"taxonomy":"post_tag","embeddable":true,"href":"https:\/\/todoapulmon-rafaela.com\/index.php\/wp-json\/wp\/v2\/tags?post=54691"}],"curies":[{"name":"wp","href":"https:\/\/api.w.org\/{rel}","templated":true}]}}