{"id":54634,"date":"2025-02-23T22:35:16","date_gmt":"2025-02-23T22:35:16","guid":{"rendered":"https:\/\/todoapulmon-rafaela.com\/?p=54634"},"modified":"2025-02-23T22:35:16","modified_gmt":"2025-02-23T22:35:16","slug":"el-primer-bicampeon-del-atp-de-rio-es-argentino-sebastian-baez","status":"publish","type":"post","link":"https:\/\/todoapulmon-rafaela.com\/index.php\/2025\/02\/23\/el-primer-bicampeon-del-atp-de-rio-es-argentino-sebastian-baez\/","title":{"rendered":"El primer bicampe\u00f3n del ATP de R\u00edo es argentino: Sebasti\u00e1n B\u00e1ez"},"content":{"rendered":"<p>El tenista argentino super\u00f3 en la final en sets corridos al franc\u00e9s Alexandre Muller y defendi\u00f3 exitosamente su corona en la ciudad brasile\u00f1a.<\/p>\n<p>B\u00e1ez dej\u00f3 atr\u00e1s los tiempos de incertidumbre y este domingo consigui\u00f3 su s\u00e9ptimo t\u00edtulo en el circuito profesional al derrotar al europeo en la final del ATP 500 de R\u00edo de Janeiro. As\u00ed, logr\u00f3 defender la corona que ya hab\u00eda ganado en 2024.<br \/>\nEl n\u00famero 31 del ranking no pas\u00f3 mayores sobresaltos y se consagr\u00f3 campe\u00f3n tras imponerse por 6-2 y 6-3 en un partido que dur\u00f3 poco menos de una hora y media.<br \/>\nB\u00e1ez alcanz\u00f3 una marca in\u00e9dita: en las diez ediciones previas, el ATP 500 de R\u00edo de Janeiro nunca hab\u00eda repetido campe\u00f3n.<br \/>\nEl a\u00f1o pasado hab\u00eda vencido en su primera final ATP 500 a su compatriota Mariano Navone, en el que hasta el momento es el \u00fanico choque argentino por el t\u00edtulo del torneo brasile\u00f1o.<br \/>\nPor su parte, M\u00fcller logr\u00f3 convertirse en el primer franc\u00e9s en llegar al \u00faltimo partido del R\u00edo Open, el nombre oficial de la competici\u00f3n.<br \/>\nGanado en el pasado por figuras como Rafael Nadal (2014) y Carlos Alcaraz (2022), el trofeo es entregado en esta ocasi\u00f3n por el \u00eddolo argentino Juan Mart\u00edn del Potro, exn\u00famero tres del mundo.<br \/>\nB\u00e1ez ir\u00e1 ahora por la defensa del ATP de Santiago de Chile.<\/p>\n","protected":false},"excerpt":{"rendered":"<p>El tenista argentino super\u00f3 en la final en sets corridos al franc\u00e9s Alexandre Muller y defendi\u00f3 exitosamente su corona en<\/p>\n","protected":false},"author":2,"featured_media":54635,"comment_status":"closed","ping_status":"closed","sticky":false,"template":"","format":"standard","meta":{"footnotes":""},"categories":[24,6],"tags":[],"class_list":["post-54634","post","type-post","status-publish","format-standard","has-post-thumbnail","hentry","category-noticias-destacadas","category-tenis"],"cc_featured_image_caption":{"caption_text":"El momento del ansiado triunfo (foto ATP R\u00edo).","source_text":"","source_url":""},"_links":{"self":[{"href":"https:\/\/todoapulmon-rafaela.com\/index.php\/wp-json\/wp\/v2\/posts\/54634"}],"collection":[{"href":"https:\/\/todoapulmon-rafaela.com\/index.php\/wp-json\/wp\/v2\/posts"}],"about":[{"href":"https:\/\/todoapulmon-rafaela.com\/index.php\/wp-json\/wp\/v2\/types\/post"}],"author":[{"embeddable":true,"href":"https:\/\/todoapulmon-rafaela.com\/index.php\/wp-json\/wp\/v2\/users\/2"}],"replies":[{"embeddable":true,"href":"https:\/\/todoapulmon-rafaela.com\/index.php\/wp-json\/wp\/v2\/comments?post=54634"}],"version-history":[{"count":1,"href":"https:\/\/todoapulmon-rafaela.com\/index.php\/wp-json\/wp\/v2\/posts\/54634\/revisions"}],"predecessor-version":[{"id":54636,"href":"https:\/\/todoapulmon-rafaela.com\/index.php\/wp-json\/wp\/v2\/posts\/54634\/revisions\/54636"}],"wp:featuredmedia":[{"embeddable":true,"href":"https:\/\/todoapulmon-rafaela.com\/index.php\/wp-json\/wp\/v2\/media\/54635"}],"wp:attachment":[{"href":"https:\/\/todoapulmon-rafaela.com\/index.php\/wp-json\/wp\/v2\/media?parent=54634"}],"wp:term":[{"taxonomy":"category","embeddable":true,"href":"https:\/\/todoapulmon-rafaela.com\/index.php\/wp-json\/wp\/v2\/categories?post=54634"},{"taxonomy":"post_tag","embeddable":true,"href":"https:\/\/todoapulmon-rafaela.com\/index.php\/wp-json\/wp\/v2\/tags?post=54634"}],"curies":[{"name":"wp","href":"https:\/\/api.w.org\/{rel}","templated":true}]}}