{"id":54630,"date":"2025-02-24T23:06:42","date_gmt":"2025-02-24T23:06:42","guid":{"rendered":"https:\/\/todoapulmon-rafaela.com\/?p=54630"},"modified":"2025-02-24T23:10:19","modified_gmt":"2025-02-24T23:10:19","slug":"hernandarias-parana-mision-cumplida-para-scozzina-en-un-rio-embravecido","status":"publish","type":"post","link":"https:\/\/todoapulmon-rafaela.com\/index.php\/2025\/02\/24\/hernandarias-parana-mision-cumplida-para-scozzina-en-un-rio-embravecido\/","title":{"rendered":"Hernandarias &#8211; Paran\u00e1, misi\u00f3n cumplida para Scozzina en un r\u00edo embravecido"},"content":{"rendered":"<p>El r\u00edo Paran\u00e1 volvi\u00f3 este s\u00e1bado a ser el epicentro de una de las pruebas m\u00e1s exigentes de la nataci\u00f3n en aguas abiertas en todo el mundo: el Desaf\u00edo Acu\u00e1tico Hernandarias-Paran\u00e1.<\/p>\n<p>Conviviendo con las alertas por tormentas y un viento que se hizo notar en casi todo el trayecto, siete nadadores entre los que estuvo el rafaelino Pablo Scozzina, enfrentaron el caudaloso r\u00edo para unir los 88 kil\u00f3metros que separan a ambas ciudades por la costa.<\/p>\n<p><img loading=\"lazy\" decoding=\"async\" class=\"alignnone size-full wp-image-54673\" src=\"https:\/\/todoapulmon-rafaela.com\/wp-content\/uploads\/2025\/02\/IMG-20250224-WA0028.jpg\" alt=\"\" width=\"1194\" height=\"1345\" srcset=\"https:\/\/todoapulmon-rafaela.com\/wp-content\/uploads\/2025\/02\/IMG-20250224-WA0028.jpg 1194w, https:\/\/todoapulmon-rafaela.com\/wp-content\/uploads\/2025\/02\/IMG-20250224-WA0028-266x300.jpg 266w\" sizes=\"(max-width: 1194px) 100vw, 1194px\" \/><\/p>\n<p>Scozzina fue uno de los que debi\u00f3 hacerle frente a la adversidad de las fuertes r\u00e1fagas que se levantaron pasado el mediod\u00eda, cuando llevaba siete horas de nado. \u00abA la altura de Cerrito empez\u00f3 a soplar con todo, y entr\u00f3 agua en la canoa que me asist\u00eda. Pudimos meternos en una barranca, pero perdimos toda la alimentaci\u00f3n e hidrataci\u00f3n para lo que restaba. Al rato pas\u00f3 el organizador y me coment\u00f3 que me iba a facilitar otra canoa, en este caso con motor, pero apenas arrancamos el oleaje la rompi\u00f3 tambi\u00e9n\u00bb, relat\u00f3 el deportista de nuestra ciudad.<\/p>\n<div style=\"width: 800px;\" class=\"wp-video\"><!--[if lt IE 9]><script>document.createElement('video');<\/script><![endif]-->\n<video class=\"wp-video-shortcode\" id=\"video-54630-1\" width=\"800\" height=\"451\" preload=\"metadata\" controls=\"controls\"><source type=\"video\/mp4\" src=\"https:\/\/todoapulmon-rafaela.com\/wp-content\/uploads\/2025\/02\/VID-20250224-WA0022.mp4?_=1\" \/><a href=\"https:\/\/todoapulmon-rafaela.com\/wp-content\/uploads\/2025\/02\/VID-20250224-WA0022.mp4\">https:\/\/todoapulmon-rafaela.com\/wp-content\/uploads\/2025\/02\/VID-20250224-WA0022.mp4<\/a><\/video><\/div>\n<p>Luego de un parate de casi dos horas, finalmente Scozzina pudo reiniciar con su fastidio a cuestas y lleg\u00f3 casi de noche a Paran\u00e1. \u00abLa verdad que fue muy bravo como se dio, una l\u00e1stima porque ven\u00eda una hora adelantado seg\u00fan mi plan de carrera. Esperemos que el a\u00f1o que viene se pueda dar de manera normal, igualmente ahora estoy conforme porque la carrera me la dieron por terminada despu\u00e9s de 80 kil\u00f3metros, y porque pudimos salir adelante de una situaci\u00f3n muy dif\u00edcil\u00bb, agreg\u00f3.<\/p>\n<div style=\"width: 478px;\" class=\"wp-video\"><video class=\"wp-video-shortcode\" id=\"video-54630-2\" width=\"478\" height=\"850\" preload=\"metadata\" controls=\"controls\"><source type=\"video\/mp4\" src=\"https:\/\/todoapulmon-rafaela.com\/wp-content\/uploads\/2025\/02\/VID-20250224-WA0024.mp4?_=2\" \/><a href=\"https:\/\/todoapulmon-rafaela.com\/wp-content\/uploads\/2025\/02\/VID-20250224-WA0024.mp4\">https:\/\/todoapulmon-rafaela.com\/wp-content\/uploads\/2025\/02\/VID-20250224-WA0024.mp4<\/a><\/video><\/div>\n<p>La traves\u00eda de tantos kil\u00f3metros se inici\u00f3 en la jornada del s\u00e1bado a las 6.45 desde el flotante de Hernandarias y tuvo su cierre pasadas las 19 en la playa del club Estudiantes de la capital provincial, tras cumplir con pasos obligatorios en Pueblo Brugo (km 66) y Puerto Curtiembre (km 55).<\/p>\n<p>Los participantes de la actividad fueron los siguientes: Ana Bibbo, Mariano Morales, Daniel Russo, Luciano Bonfico, Mariano Mortara, Juan Jos\u00e9 Mesaglio y Pablo Scozzina.<\/p>\n<p>&nbsp;<\/p>\n","protected":false},"excerpt":{"rendered":"<p>El r\u00edo Paran\u00e1 volvi\u00f3 este s\u00e1bado a ser el epicentro de una de las pruebas m\u00e1s exigentes de la nataci\u00f3n<\/p>\n","protected":false},"author":2,"featured_media":54674,"comment_status":"closed","ping_status":"closed","sticky":false,"template":"","format":"standard","meta":{"footnotes":""},"categories":[26,24],"tags":[],"class_list":["post-54630","post","type-post","status-publish","format-standard","has-post-thumbnail","hentry","category-natacion","category-noticias-destacadas"],"cc_featured_image_caption":{"caption_text":"","source_text":"","source_url":""},"_links":{"self":[{"href":"https:\/\/todoapulmon-rafaela.com\/index.php\/wp-json\/wp\/v2\/posts\/54630"}],"collection":[{"href":"https:\/\/todoapulmon-rafaela.com\/index.php\/wp-json\/wp\/v2\/posts"}],"about":[{"href":"https:\/\/todoapulmon-rafaela.com\/index.php\/wp-json\/wp\/v2\/types\/post"}],"author":[{"embeddable":true,"href":"https:\/\/todoapulmon-rafaela.com\/index.php\/wp-json\/wp\/v2\/users\/2"}],"replies":[{"embeddable":true,"href":"https:\/\/todoapulmon-rafaela.com\/index.php\/wp-json\/wp\/v2\/comments?post=54630"}],"version-history":[{"count":5,"href":"https:\/\/todoapulmon-rafaela.com\/index.php\/wp-json\/wp\/v2\/posts\/54630\/revisions"}],"predecessor-version":[{"id":54678,"href":"https:\/\/todoapulmon-rafaela.com\/index.php\/wp-json\/wp\/v2\/posts\/54630\/revisions\/54678"}],"wp:featuredmedia":[{"embeddable":true,"href":"https:\/\/todoapulmon-rafaela.com\/index.php\/wp-json\/wp\/v2\/media\/54674"}],"wp:attachment":[{"href":"https:\/\/todoapulmon-rafaela.com\/index.php\/wp-json\/wp\/v2\/media?parent=54630"}],"wp:term":[{"taxonomy":"category","embeddable":true,"href":"https:\/\/todoapulmon-rafaela.com\/index.php\/wp-json\/wp\/v2\/categories?post=54630"},{"taxonomy":"post_tag","embeddable":true,"href":"https:\/\/todoapulmon-rafaela.com\/index.php\/wp-json\/wp\/v2\/tags?post=54630"}],"curies":[{"name":"wp","href":"https:\/\/api.w.org\/{rel}","templated":true}]}}